{"id":1208,"date":"2020-11-23T11:06:40","date_gmt":"2020-11-23T11:06:40","guid":{"rendered":"https:\/\/ricovictor.com\/?p=1208"},"modified":"2026-01-29T22:00:40","modified_gmt":"2026-01-29T22:00:40","slug":"plan-de-jubilaciones-en-mexico-quien-se-puede-jubilar-parte-ii","status":"publish","type":"post","link":"https:\/\/ricovictor.com\/index.php\/2020\/11\/23\/plan-de-jubilaciones-en-mexico-quien-se-puede-jubilar-parte-ii\/","title":{"rendered":"Plan de Jubilaciones en M\u00e9xico. \u00bfQui\u00e9n se puede jubilar? Parte II"},"content":{"rendered":"\t\t<div data-elementor-type=\"wp-post\" data-elementor-id=\"1208\" class=\"elementor elementor-1208\">\n\t\t\t\t\t\t\t\t\t<section class=\"elementor-section elementor-top-section elementor-element elementor-element-7c72eaa1 elementor-section-boxed elementor-section-height-default elementor-section-height-default\" data-id=\"7c72eaa1\" data-element_type=\"section\">\n\t\t\t\t\t\t<div class=\"elementor-container elementor-column-gap-wide\">\n\t\t\t\t\t<div class=\"elementor-column elementor-col-50 elementor-top-column elementor-element elementor-element-7c368df3\" data-id=\"7c368df3\" data-element_type=\"column\">\n\t\t\t<div class=\"elementor-widget-wrap elementor-element-populated\">\n\t\t\t\t\t\t\t\t<div class=\"elementor-element elementor-element-59f446a1 elementor-widget elementor-widget-text-editor\" data-id=\"59f446a1\" data-element_type=\"widget\" data-widget_type=\"text-editor.default\">\n\t\t\t\t<div class=\"elementor-widget-container\">\n\t\t\t\t\t\t\t<p>En un post anterior hablamos sobre el plan de <a href=\"https:\/\/ricovictor.com\/index.php\/2020\/11\/11\/plan-de-jubilaciones-imss-en-mexico-quien-se-puede-jubilar\/\">jubilaci\u00f3n en M\u00e9xico<\/a>. En este segundo art\u00edculo veremos a detalle la <strong>ley 73 del IMSS<\/strong> y comenzamos haci\u00e9ndonos la siguiente pregunta:<\/p><p><strong>\u00bfQui\u00e9n tiene derecho a solicitar una pensi\u00f3n de retiro en el IMSS (Ley 73)?<\/strong><\/p><p><strong>Requisitos<\/strong> para solicitar la pensi\u00f3n bajo la ley de 1973.<\/p><p>1. Haber comenzado a cotizar en el IMSS por primera vez antes del 01 julio de 1997.<br \/>2. Edad: A partir de los 60 a\u00f1os de edad.<br \/>3. Haber cotizado en el IMSS 500 semanas como m\u00ednimo (9 a\u00f1os 7 meses).<br \/>4.\u00a0 Estar en el plazo de conservaci\u00f3n de derechos. (25% del tiempo total cotizado)<\/p>\t\t\t\t\t\t<\/div>\n\t\t\t\t<\/div>\n\t\t\t\t\t<\/div>\n\t\t<\/div>\n\t\t\t\t<div class=\"elementor-column elementor-col-50 elementor-top-column elementor-element elementor-element-78c2ff4d\" data-id=\"78c2ff4d\" data-element_type=\"column\">\n\t\t\t<div class=\"elementor-widget-wrap elementor-element-populated\">\n\t\t\t\t\t\t\t\t<div class=\"elementor-element elementor-element-7c4fde3a elementor-widget elementor-widget-image\" data-id=\"7c4fde3a\" data-element_type=\"widget\" data-widget_type=\"image.default\">\n\t\t\t\t<div class=\"elementor-widget-container\">\n\t\t\t\t\t\t\t\t\t\t\t\t\t\t\t<img loading=\"lazy\" decoding=\"async\" width=\"213\" height=\"211\" src=\"https:\/\/ricovictor.com\/wp-content\/uploads\/2020\/11\/alma.png\" class=\"attachment-large size-large wp-image-1210\" alt=\"\" srcset=\"https:\/\/ricovictor.com\/wp-content\/uploads\/2020\/11\/alma.png 213w, https:\/\/ricovictor.com\/wp-content\/uploads\/2020\/11\/alma-150x150.png 150w, https:\/\/ricovictor.com\/wp-content\/uploads\/2020\/11\/alma-100x100.png 100w\" sizes=\"(max-width: 213px) 100vw, 213px\" \/>\t\t\t\t\t\t\t\t\t\t\t\t\t\t\t<\/div>\n\t\t\t\t<\/div>\n\t\t\t\t<div class=\"elementor-element elementor-element-ad5abee elementor-view-stacked elementor-shape-circle elementor-widget elementor-widget-icon\" data-id=\"ad5abee\" data-element_type=\"widget\" data-widget_type=\"icon.default\">\n\t\t\t\t<div class=\"elementor-widget-container\">\n\t\t\t\t\t<div class=\"elementor-icon-wrapper\">\n\t\t\t<div class=\"elementor-icon\">\n\t\t\t<i aria-hidden=\"true\" class=\"fas fa-universal-access\"><\/i>\t\t\t<\/div>\n\t\t<\/div>\n\t\t\t\t<\/div>\n\t\t\t\t<\/div>\n\t\t\t\t\t<\/div>\n\t\t<\/div>\n\t\t\t\t\t\t\t<\/div>\n\t\t<\/section>\n\t\t\t\t<section class=\"elementor-section elementor-top-section elementor-element elementor-element-a9fbcff elementor-section-boxed elementor-section-height-default elementor-section-height-default\" data-id=\"a9fbcff\" data-element_type=\"section\">\n\t\t\t\t\t\t<div class=\"elementor-container elementor-column-gap-default\">\n\t\t\t\t\t<div class=\"elementor-column elementor-col-100 elementor-top-column elementor-element elementor-element-60defff2\" data-id=\"60defff2\" data-element_type=\"column\">\n\t\t\t<div class=\"elementor-widget-wrap elementor-element-populated\">\n\t\t\t\t\t\t\t\t<div class=\"elementor-element elementor-element-3447c28 elementor-widget elementor-widget-spacer\" data-id=\"3447c28\" data-element_type=\"widget\" data-widget_type=\"spacer.default\">\n\t\t\t\t<div class=\"elementor-widget-container\">\n\t\t\t\t\t<div class=\"elementor-spacer\">\n\t\t\t<div class=\"elementor-spacer-inner\"><\/div>\n\t\t<\/div>\n\t\t\t\t<\/div>\n\t\t\t\t<\/div>\n\t\t\t\t<div class=\"elementor-element elementor-element-527ed76b elementor-widget elementor-widget-text-editor\" data-id=\"527ed76b\" data-element_type=\"widget\" data-widget_type=\"text-editor.default\">\n\t\t\t\t<div class=\"elementor-widget-container\">\n\t\t\t\t\t\t\t<h3><strong>\u00bfQu\u00e9 factores determinan el importe de la pensi\u00f3n que recibes al jubilarte en el IMSS BAJO EL REGIMEN Ley 73?<\/strong><\/h3><p>\u00a0<\/p><p>1. <strong>Salario promedio<\/strong> de los \u00faltimos 5 a\u00f1os, 250 semanas cotizadas aproximadamente (A mayor salario mayor pensi\u00f3n).<\/p><p>2.<strong>Cantidad de semanas cotizadas<\/strong> (M\u00e1s semanas cotizadas implican mayor pensi\u00f3n).<\/p><p>3.<strong>Edad<\/strong>: Dependiendo de la edad en la que te pensiones, te otorgar\u00e1n un porcentaje de la pensi\u00f3n que te corresponder\u00eda (60 a\u00f1os 75%, 65 a\u00f1os 100%; sube 5% por a\u00f1o*).<\/p><p>4. <strong>Asignaciones Familiares por c\u00f3nyuge<\/strong>, hijos menores, padres dependientes del asegurado.<\/p><p>5.<strong>De 60-64 pensi\u00f3n por Cesant\u00eda, 65 pensi\u00f3n por vejez.<\/strong><\/p>\t\t\t\t\t\t<\/div>\n\t\t\t\t<\/div>\n\t\t\t\t\t<\/div>\n\t\t<\/div>\n\t\t\t\t\t\t\t<\/div>\n\t\t<\/section>\n\t\t\t\t<section class=\"elementor-section elementor-top-section elementor-element elementor-element-3b809bfc elementor-section-boxed elementor-section-height-default elementor-section-height-default\" data-id=\"3b809bfc\" data-element_type=\"section\">\n\t\t\t\t\t\t<div class=\"elementor-container elementor-column-gap-default\">\n\t\t\t\t\t<div class=\"elementor-column elementor-col-100 elementor-top-column elementor-element elementor-element-34b051d8\" data-id=\"34b051d8\" data-element_type=\"column\">\n\t\t\t<div class=\"elementor-widget-wrap elementor-element-populated\">\n\t\t\t\t\t\t\t\t<div class=\"elementor-element elementor-element-a4f231a elementor-widget elementor-widget-spacer\" data-id=\"a4f231a\" data-element_type=\"widget\" data-widget_type=\"spacer.default\">\n\t\t\t\t<div class=\"elementor-widget-container\">\n\t\t\t\t\t<div class=\"elementor-spacer\">\n\t\t\t<div class=\"elementor-spacer-inner\"><\/div>\n\t\t<\/div>\n\t\t\t\t<\/div>\n\t\t\t\t<\/div>\n\t\t\t\t<div class=\"elementor-element elementor-element-43a528f0 elementor-widget elementor-widget-text-editor\" data-id=\"43a528f0\" data-element_type=\"widget\" data-widget_type=\"text-editor.default\">\n\t\t\t\t<div class=\"elementor-widget-container\">\n\t\t\t\t\t\t\t<h3><strong>\u00a0\u00bfQu\u00e9 recursos te entregan en la pensi\u00f3n por r\u00e9gimen de 1973?<\/strong><\/h3><p>\u00a0<\/p><p>** Pensi\u00f3n mensual<\/p>\t\t\t\t\t\t<\/div>\n\t\t\t\t<\/div>\n\t\t\t\t<div class=\"elementor-element elementor-element-3d4d052b elementor-view-default elementor-widget elementor-widget-icon\" data-id=\"3d4d052b\" data-element_type=\"widget\" data-widget_type=\"icon.default\">\n\t\t\t\t<div class=\"elementor-widget-container\">\n\t\t\t\t\t<div class=\"elementor-icon-wrapper\">\n\t\t\t<div class=\"elementor-icon\">\n\t\t\t<i aria-hidden=\"true\" class=\"far fa-hand-point-down\"><\/i>\t\t\t<\/div>\n\t\t<\/div>\n\t\t\t\t<\/div>\n\t\t\t\t<\/div>\n\t\t\t\t<div class=\"elementor-element elementor-element-7cce71e9 elementor-widget elementor-widget-image\" data-id=\"7cce71e9\" data-element_type=\"widget\" data-widget_type=\"image.default\">\n\t\t\t\t<div class=\"elementor-widget-container\">\n\t\t\t\t\t\t\t\t\t\t\t\t\t\t\t<img loading=\"lazy\" decoding=\"async\" width=\"720\" height=\"410\" src=\"https:\/\/ricovictor.com\/wp-content\/uploads\/2020\/11\/alam2.png\" class=\"attachment-large size-large wp-image-1211\" alt=\"\" srcset=\"https:\/\/ricovictor.com\/wp-content\/uploads\/2020\/11\/alam2.png 720w, https:\/\/ricovictor.com\/wp-content\/uploads\/2020\/11\/alam2-300x171.png 300w\" sizes=\"(max-width: 720px) 100vw, 720px\" \/>\t\t\t\t\t\t\t\t\t\t\t\t\t\t\t<\/div>\n\t\t\t\t<\/div>\n\t\t\t\t<div class=\"elementor-element elementor-element-15442f0 elementor-widget elementor-widget-spacer\" data-id=\"15442f0\" data-element_type=\"widget\" data-widget_type=\"spacer.default\">\n\t\t\t\t<div class=\"elementor-widget-container\">\n\t\t\t\t\t<div class=\"elementor-spacer\">\n\t\t\t<div class=\"elementor-spacer-inner\"><\/div>\n\t\t<\/div>\n\t\t\t\t<\/div>\n\t\t\t\t<\/div>\n\t\t\t\t\t<\/div>\n\t\t<\/div>\n\t\t\t\t\t\t\t<\/div>\n\t\t<\/section>\n\t\t\t\t<section class=\"elementor-section elementor-top-section elementor-element elementor-element-7244d40 elementor-section-boxed elementor-section-height-default elementor-section-height-default\" data-id=\"7244d40\" data-element_type=\"section\">\n\t\t\t\t\t\t<div class=\"elementor-container elementor-column-gap-default\">\n\t\t\t\t\t<div class=\"elementor-column elementor-col-50 elementor-top-column elementor-element elementor-element-b1ce50d\" data-id=\"b1ce50d\" data-element_type=\"column\">\n\t\t\t<div class=\"elementor-widget-wrap elementor-element-populated\">\n\t\t\t\t\t\t\t\t<div class=\"elementor-element elementor-element-6c92bbb elementor-widget elementor-widget-text-editor\" data-id=\"6c92bbb\" data-element_type=\"widget\" data-widget_type=\"text-editor.default\">\n\t\t\t\t<div class=\"elementor-widget-container\">\n\t\t\t\t\t\t\t<h3><strong>\u00bfQu\u00e9 documentos me piden para solicitar esta pensi\u00f3n?<\/strong><\/h3><p>\u00a0<\/p><p>1. Identificaci\u00f3n oficial.<\/p><p><br \/>2. Estado de Cuenta de tu AFORE o alg\u00fan comprobante que acredite tu registro en la Administradora (si no cuentas con \u00e9l solic\u00edtalo a tu AFORE).<\/p><p><br \/>3. Estado de cuenta bancario con n\u00famero de Clave Bancaria Estandarizada (CLABE).<\/p>\t\t\t\t\t\t<\/div>\n\t\t\t\t<\/div>\n\t\t\t\t\t<\/div>\n\t\t<\/div>\n\t\t\t\t<div class=\"elementor-column elementor-col-50 elementor-top-column elementor-element elementor-element-002f318\" data-id=\"002f318\" data-element_type=\"column\">\n\t\t\t<div class=\"elementor-widget-wrap elementor-element-populated\">\n\t\t\t\t\t\t\t\t<div class=\"elementor-element elementor-element-2303991 elementor-widget elementor-widget-image\" data-id=\"2303991\" data-element_type=\"widget\" data-widget_type=\"image.default\">\n\t\t\t\t<div class=\"elementor-widget-container\">\n\t\t\t\t\t\t\t\t\t\t\t\t\t\t\t<img loading=\"lazy\" decoding=\"async\" width=\"300\" height=\"262\" src=\"https:\/\/ricovictor.com\/wp-content\/uploads\/2020\/04\/library-300x262.jpg\" class=\"attachment-medium size-medium wp-image-175\" alt=\"\" srcset=\"https:\/\/ricovictor.com\/wp-content\/uploads\/2020\/04\/library-300x262.jpg 300w, https:\/\/ricovictor.com\/wp-content\/uploads\/2020\/04\/library.jpg 570w\" sizes=\"(max-width: 300px) 100vw, 300px\" \/>\t\t\t\t\t\t\t\t\t\t\t\t\t\t\t<\/div>\n\t\t\t\t<\/div>\n\t\t\t\t\t<\/div>\n\t\t<\/div>\n\t\t\t\t\t\t\t<\/div>\n\t\t<\/section>\n\t\t\t\t<section class=\"elementor-section elementor-top-section elementor-element elementor-element-b44463b elementor-section-boxed elementor-section-height-default elementor-section-height-default\" data-id=\"b44463b\" data-element_type=\"section\">\n\t\t\t\t\t\t<div class=\"elementor-container elementor-column-gap-default\">\n\t\t\t\t\t<div class=\"elementor-column elementor-col-100 elementor-top-column elementor-element elementor-element-816836b\" data-id=\"816836b\" data-element_type=\"column\">\n\t\t\t<div class=\"elementor-widget-wrap elementor-element-populated\">\n\t\t\t\t\t\t\t\t<div class=\"elementor-element elementor-element-5131958 elementor-widget elementor-widget-spacer\" data-id=\"5131958\" data-element_type=\"widget\" data-widget_type=\"spacer.default\">\n\t\t\t\t<div class=\"elementor-widget-container\">\n\t\t\t\t\t<div class=\"elementor-spacer\">\n\t\t\t<div class=\"elementor-spacer-inner\"><\/div>\n\t\t<\/div>\n\t\t\t\t<\/div>\n\t\t\t\t<\/div>\n\t\t\t\t<div class=\"elementor-element elementor-element-81cc396 elementor-widget elementor-widget-text-editor\" data-id=\"81cc396\" data-element_type=\"widget\" data-widget_type=\"text-editor.default\">\n\t\t\t\t<div class=\"elementor-widget-container\">\n\t\t\t\t\t\t\t<h3><strong>\u00bfQu\u00e9 pasos debes seguir para realizar este retiro?<\/strong><\/h3><p>\u00a0<\/p><p>Esta es una de las preguntas esenciales para tu plan de jubilaci\u00f3n ya que <strong>puedes tomar dos caminos<\/strong>:<\/p><p>1. <strong>Realizar el tr\u00e1mite directamente con el IMSS y esperar una soluci\u00f3n<\/strong>, lo cual implicar\u00eda que deber\u00e1s esperar a que ellos te digan:<\/p><p>a) En primera instancia, si tu solicitud fue aprobada o rechazada, una vez que haya sido rechazada no hay marcha atr\u00e1s y no puedes hacer nada para poder obtener una pensi\u00f3n.<\/p><p>b) En segunda instancia, y en caso de ser una solicitud aprobada, que dictaminen el monto de tu pensi\u00f3n, una vez que el monto de tu pensi\u00f3n fue dictaminado no podr\u00e1s hacer nada para modificarlo.<\/p><p><strong>2. Acudir a una consultor\u00eda para evaluar tu situaci\u00f3n<\/strong> frente a tu solicitud donde:<\/p><p>a) Verifiquen que el derechohabiente cumpla con los requisitos solicitados para para obtener una pensi\u00f3n (Verificaci\u00f3n de su status ante el IMSS as\u00ed como revisi\u00f3n del c\u00e1lculo de semanas cotizadas y salario promedio).<\/p><p>b) Eval\u00faen la situaci\u00f3n del derechohabiente y asesoren en caso de alg\u00fan problema administrativo (duplicidad de ncss, verificar que los datos en IMSS y AFORE sean iguales, semanas cotizadas que no aparecen en la red IMSS, etc.)<\/p><p>c) En caso de no contar con alg\u00fan requisito, elaborar diferentes estrategias de acci\u00f3n para que el derechohabiente logre cumplir con los requisitos (bajo la v\u00eda legal) y as\u00ed evitar la negativa de pensi\u00f3n. (1)<\/p><p>d) Calculo estimado del monto de pensi\u00f3n que el derechohabiente recibir\u00e1, de acuerdo a los factores que determinan el importe de la pensi\u00f3n.<\/p><p>e) Dise\u00f1o de estrategia con diferentes alternativas y costos, para elevar el monto de la pensi\u00f3n (bajo la v\u00eda legal por ley 40):<\/p><p>f) Proyecci\u00f3n de los diferentes montos de pensi\u00f3n que se obtendr\u00edan al seguir las alternativas de estrategia.<br \/>Con esta opci\u00f3n puedes ver las alternativas que tienes para poder evadir el rechazo de pensi\u00f3n o incrementar el monto de tu pensi\u00f3n, todo bajo la ley del seguro social.<\/p>\t\t\t\t\t\t<\/div>\n\t\t\t\t<\/div>\n\t\t\t\t<div class=\"elementor-element elementor-element-1d3a3e0 elementor-view-stacked elementor-shape-circle elementor-widget elementor-widget-icon\" data-id=\"1d3a3e0\" data-element_type=\"widget\" data-widget_type=\"icon.default\">\n\t\t\t\t<div class=\"elementor-widget-container\">\n\t\t\t\t\t<div class=\"elementor-icon-wrapper\">\n\t\t\t<div class=\"elementor-icon\">\n\t\t\t<i aria-hidden=\"true\" class=\"far fa-hand-point-down\"><\/i>\t\t\t<\/div>\n\t\t<\/div>\n\t\t\t\t<\/div>\n\t\t\t\t<\/div>\n\t\t\t\t\t<\/div>\n\t\t<\/div>\n\t\t\t\t\t\t\t<\/div>\n\t\t<\/section>\n\t\t\t\t<section class=\"elementor-section elementor-top-section elementor-element elementor-element-1d6729cc elementor-section-boxed elementor-section-height-default elementor-section-height-default\" data-id=\"1d6729cc\" data-element_type=\"section\">\n\t\t\t\t\t\t<div class=\"elementor-container elementor-column-gap-default\">\n\t\t\t\t\t<div class=\"elementor-column elementor-col-100 elementor-top-column elementor-element elementor-element-46405495\" data-id=\"46405495\" data-element_type=\"column\">\n\t\t\t<div class=\"elementor-widget-wrap elementor-element-populated\">\n\t\t\t\t\t\t\t\t<div class=\"elementor-element elementor-element-3738258 elementor-widget elementor-widget-spacer\" data-id=\"3738258\" data-element_type=\"widget\" data-widget_type=\"spacer.default\">\n\t\t\t\t<div class=\"elementor-widget-container\">\n\t\t\t\t\t<div class=\"elementor-spacer\">\n\t\t\t<div class=\"elementor-spacer-inner\"><\/div>\n\t\t<\/div>\n\t\t\t\t<\/div>\n\t\t\t\t<\/div>\n\t\t\t\t<div class=\"elementor-element elementor-element-540ce780 elementor-widget elementor-widget-text-editor\" data-id=\"540ce780\" data-element_type=\"widget\" data-widget_type=\"text-editor.default\">\n\t\t\t\t<div class=\"elementor-widget-container\">\n\t\t\t\t\t\t\t<p><strong>Una vez que elegiste uno de estos dos pasos, ahora s\u00ed:<\/strong><\/p><p>1. Acude a cualquier sucursal de tu AFORE, donde deber\u00e1s entregar los documentos antes mencionados, adem\u00e1s de llenar y firmar la solicitud de \u201cDisposici\u00f3n de Recursos\u201d que te proporcionar\u00e1n ah\u00ed mismo.<\/p><p><br \/>2. Tu AFORE llenar\u00e1 tu Presolicitud de pensi\u00f3n y te otorgar\u00e1 un folio.<\/p><p><br \/>3. Acude a la subdelegaci\u00f3n del IMSS que te corresponda y presenta tu folio.<\/p><p><br \/>4. Una vez entregado tu folio ante el IMSS deber\u00e1s esperar a la resoluci\u00f3n.<\/p><p><br \/>5. Una vez que obtengas respuesta del IMSS y conozcas la modalidad de retiro que te corresponde, acude a tu AFORE nuevamente quien pondr\u00e1 a tu disposici\u00f3n los recursos de acuerdo al r\u00e9gimen pensionario que te aplica.<br \/><br \/><\/p>\t\t\t\t\t\t<\/div>\n\t\t\t\t<\/div>\n\t\t\t\t\t<\/div>\n\t\t<\/div>\n\t\t\t\t\t\t\t<\/div>\n\t\t<\/section>\n\t\t\t\t<section class=\"elementor-section elementor-top-section elementor-element elementor-element-9ac6099 elementor-section-boxed elementor-section-height-default elementor-section-height-default\" data-id=\"9ac6099\" data-element_type=\"section\">\n\t\t\t\t\t\t<div class=\"elementor-container elementor-column-gap-default\">\n\t\t\t\t\t<div class=\"elementor-column elementor-col-100 elementor-top-column elementor-element elementor-element-6bf3d47\" data-id=\"6bf3d47\" data-element_type=\"column\">\n\t\t\t<div class=\"elementor-widget-wrap elementor-element-populated\">\n\t\t\t\t\t\t\t\t<div class=\"elementor-element elementor-element-3e3d5f2 elementor-widget elementor-widget-text-editor\" data-id=\"3e3d5f2\" data-element_type=\"widget\" data-widget_type=\"text-editor.default\">\n\t\t\t\t<div class=\"elementor-widget-container\">\n\t\t\t\t\t\t\t<p>\u00a0<\/p><p><strong>(1) En caso de encontrarse con una negativa de pensi\u00f3n a la cual no conviene al cliente una estrategia diferente, se le asesorara para realizar el retiro de sus recursos en AFORE, INFONAVIT 97, SAR IMSS 92 y SAR INFONAVIT 92 (siempre y cuando cuente con recursos en alguno de los antes mencionados, si no tiene recursos no puede solicitarlo), estos retiros se realizan hasta que se cumplan los 65 a\u00f1os de edad.<\/strong><\/p><p>\u00a0<\/p><p><br \/>&#8211; Fuente tabla 1: ttps:\/\/www.gob.mx\/consar\/articulos\/pension-por-regimen-73<br \/>&#8211; Fuente de informaci\u00f3n: Ley del seguro social IMSS.<\/p>\t\t\t\t\t\t<\/div>\n\t\t\t\t<\/div>\n\t\t\t\t\t<\/div>\n\t\t<\/div>\n\t\t\t\t\t\t\t<\/div>\n\t\t<\/section>\n\t\t\t\t\t\t\t<\/div>\n\t\t","protected":false},"excerpt":{"rendered":"<p>En un post anterior hablamos sobre el plan de jubilaci\u00f3n en M\u00e9xico. En este segundo art\u00edculo veremos a detalle la ley 73 del IMSS y comenzamos haci\u00e9ndonos la siguiente pregunta: \u00bfQui\u00e9n tiene derecho a solicitar una pensi\u00f3n de retiro en el IMSS (Ley 73)? Requisitos para solicitar la pensi\u00f3n bajo la ley de 1973. 1. &hellip;<\/p>\n<p class=\"read-more\"> <a class=\"\" href=\"https:\/\/ricovictor.com\/index.php\/2020\/11\/23\/plan-de-jubilaciones-en-mexico-quien-se-puede-jubilar-parte-ii\/\"> <span class=\"screen-reader-text\">Plan de Jubilaciones en M\u00e9xico. \u00bfQui\u00e9n se puede jubilar? Parte II<\/span> Leer m\u00e1s &raquo;<\/a><\/p>\n","protected":false},"author":4,"featured_media":1229,"comment_status":"open","ping_status":"open","sticky":false,"template":"","format":"standard","meta":{"site-sidebar-layout":"default","site-content-layout":"","ast-site-content-layout":"","site-content-style":"default","site-sidebar-style":"default","ast-global-header-display":"","ast-banner-title-visibility":"","ast-main-header-display":"","ast-hfb-above-header-display":"","ast-hfb-below-header-display":"","ast-hfb-mobile-header-display":"","site-post-title":"","ast-breadcrumbs-content":"","ast-featured-img":"","footer-sml-layout":"","theme-transparent-header-meta":"","adv-header-id-meta":"","stick-header-meta":"","header-above-stick-meta":"","header-main-stick-meta":"","header-below-stick-meta":"","astra-migrate-meta-layouts":"","ast-page-background-enabled":"default","ast-page-background-meta":{"desktop":{"background-color":"var(--ast-global-color-4)","background-image":"","background-repeat":"repeat","background-position":"center center","background-size":"auto","background-attachment":"scroll","background-type":"","background-media":"","overlay-type":"","overlay-color":"","overlay-gradient":""},"tablet":{"background-color":"","background-image":"","background-repeat":"repeat","background-position":"center center","background-size":"auto","background-attachment":"scroll","background-type":"","background-media":"","overlay-type":"","overlay-color":"","overlay-gradient":""},"mobile":{"background-color":"","background-image":"","background-repeat":"repeat","background-position":"center center","background-size":"auto","background-attachment":"scroll","background-type":"","background-media":"","overlay-type":"","overlay-color":"","overlay-gradient":""}},"ast-content-background-meta":{"desktop":{"background-color":"var(--ast-global-color-5)","background-image":"","background-repeat":"repeat","background-position":"center center","background-size":"auto","background-attachment":"scroll","background-type":"","background-media":"","overlay-type":"","overlay-color":"","overlay-gradient":""},"tablet":{"background-color":"var(--ast-global-color-5)","background-image":"","background-repeat":"repeat","background-position":"center center","background-size":"auto","background-attachment":"scroll","background-type":"","background-media":"","overlay-type":"","overlay-color":"","overlay-gradient":""},"mobile":{"background-color":"var(--ast-global-color-5)","background-image":"","background-repeat":"repeat","background-position":"center center","background-size":"auto","background-attachment":"scroll","background-type":"","background-media":"","overlay-type":"","overlay-color":"","overlay-gradient":""}},"footnotes":""},"categories":[86],"tags":[],"yoast_head":"<!-- This site is optimized with the Yoast SEO plugin v21.6 - https:\/\/yoast.com\/wordpress\/plugins\/seo\/ -->\n<title>Plan de Jubilaciones en M\u00e9xico. \u00bfQui\u00e9n se puede jubilar? Parte II - V\u00edctor A. Rico \u2014 Econometr\u00eda y Finanzas Cuantitativas<\/title>\n<meta name=\"robots\" content=\"index, follow, max-snippet:-1, max-image-preview:large, max-video-preview:-1\" \/>\n<link rel=\"canonical\" href=\"https:\/\/ricovictor.com\/index.php\/2020\/11\/23\/plan-de-jubilaciones-en-mexico-quien-se-puede-jubilar-parte-ii\/\" \/>\n<meta property=\"og:locale\" content=\"es_ES\" \/>\n<meta property=\"og:type\" content=\"article\" \/>\n<meta property=\"og:title\" content=\"Plan de Jubilaciones en M\u00e9xico. \u00bfQui\u00e9n se puede jubilar? Parte II - V\u00edctor A. Rico \u2014 Econometr\u00eda y Finanzas Cuantitativas\" \/>\n<meta property=\"og:description\" content=\"En un post anterior hablamos sobre el plan de jubilaci\u00f3n en M\u00e9xico. En este segundo art\u00edculo veremos a detalle la ley 73 del IMSS y comenzamos haci\u00e9ndonos la siguiente pregunta: \u00bfQui\u00e9n tiene derecho a solicitar una pensi\u00f3n de retiro en el IMSS (Ley 73)? Requisitos para solicitar la pensi\u00f3n bajo la ley de 1973. 1. &hellip; Plan de Jubilaciones en M\u00e9xico. \u00bfQui\u00e9n se puede jubilar? Parte II Leer m\u00e1s &raquo;\" \/>\n<meta property=\"og:url\" content=\"https:\/\/ricovictor.com\/index.php\/2020\/11\/23\/plan-de-jubilaciones-en-mexico-quien-se-puede-jubilar-parte-ii\/\" \/>\n<meta property=\"og:site_name\" content=\"V\u00edctor A. Rico \u2014 Econometr\u00eda y Finanzas Cuantitativas\" \/>\n<meta property=\"article:published_time\" content=\"2020-11-23T11:06:40+00:00\" \/>\n<meta property=\"article:modified_time\" content=\"2026-01-29T22:00:40+00:00\" \/>\n<meta property=\"og:image\" content=\"https:\/\/ricovictor.com\/wp-content\/uploads\/2020\/11\/mothers-3389671_640.jpg\" \/>\n\t<meta property=\"og:image:width\" content=\"640\" \/>\n\t<meta property=\"og:image:height\" content=\"360\" \/>\n\t<meta property=\"og:image:type\" content=\"image\/jpeg\" \/>\n<meta name=\"author\" content=\"Alma Alvarado\" \/>\n<meta name=\"twitter:card\" content=\"summary_large_image\" \/>\n<meta name=\"twitter:label1\" content=\"Escrito por\" \/>\n\t<meta name=\"twitter:data1\" content=\"Alma Alvarado\" \/>\n\t<meta name=\"twitter:label2\" content=\"Tiempo de lectura\" \/>\n\t<meta name=\"twitter:data2\" content=\"4 minutos\" \/>\n<script type=\"application\/ld+json\" class=\"yoast-schema-graph\">{\"@context\":\"https:\/\/schema.org\",\"@graph\":[{\"@type\":\"Article\",\"@id\":\"https:\/\/ricovictor.com\/index.php\/2020\/11\/23\/plan-de-jubilaciones-en-mexico-quien-se-puede-jubilar-parte-ii\/#article\",\"isPartOf\":{\"@id\":\"https:\/\/ricovictor.com\/index.php\/2020\/11\/23\/plan-de-jubilaciones-en-mexico-quien-se-puede-jubilar-parte-ii\/\"},\"author\":{\"name\":\"Alma Alvarado\",\"@id\":\"https:\/\/ricovictor.com\/#\/schema\/person\/edc179936bbcf9eaab0a2228fe8c97fa\"},\"headline\":\"Plan de Jubilaciones en M\u00e9xico. \u00bfQui\u00e9n se puede jubilar? Parte II\",\"datePublished\":\"2020-11-23T11:06:40+00:00\",\"dateModified\":\"2026-01-29T22:00:40+00:00\",\"mainEntityOfPage\":{\"@id\":\"https:\/\/ricovictor.com\/index.php\/2020\/11\/23\/plan-de-jubilaciones-en-mexico-quien-se-puede-jubilar-parte-ii\/\"},\"wordCount\":860,\"commentCount\":0,\"publisher\":{\"@id\":\"https:\/\/ricovictor.com\/#organization\"},\"articleSection\":[\"Econom\u00eda\"],\"inLanguage\":\"es\",\"potentialAction\":[{\"@type\":\"CommentAction\",\"name\":\"Comment\",\"target\":[\"https:\/\/ricovictor.com\/index.php\/2020\/11\/23\/plan-de-jubilaciones-en-mexico-quien-se-puede-jubilar-parte-ii\/#respond\"]}]},{\"@type\":\"WebPage\",\"@id\":\"https:\/\/ricovictor.com\/index.php\/2020\/11\/23\/plan-de-jubilaciones-en-mexico-quien-se-puede-jubilar-parte-ii\/\",\"url\":\"https:\/\/ricovictor.com\/index.php\/2020\/11\/23\/plan-de-jubilaciones-en-mexico-quien-se-puede-jubilar-parte-ii\/\",\"name\":\"Plan de Jubilaciones en M\u00e9xico. \u00bfQui\u00e9n se puede jubilar? Parte II - V\u00edctor A. Rico \u2014 Econometr\u00eda y Finanzas Cuantitativas\",\"isPartOf\":{\"@id\":\"https:\/\/ricovictor.com\/#website\"},\"datePublished\":\"2020-11-23T11:06:40+00:00\",\"dateModified\":\"2026-01-29T22:00:40+00:00\",\"breadcrumb\":{\"@id\":\"https:\/\/ricovictor.com\/index.php\/2020\/11\/23\/plan-de-jubilaciones-en-mexico-quien-se-puede-jubilar-parte-ii\/#breadcrumb\"},\"inLanguage\":\"es\",\"potentialAction\":[{\"@type\":\"ReadAction\",\"target\":[\"https:\/\/ricovictor.com\/index.php\/2020\/11\/23\/plan-de-jubilaciones-en-mexico-quien-se-puede-jubilar-parte-ii\/\"]}]},{\"@type\":\"BreadcrumbList\",\"@id\":\"https:\/\/ricovictor.com\/index.php\/2020\/11\/23\/plan-de-jubilaciones-en-mexico-quien-se-puede-jubilar-parte-ii\/#breadcrumb\",\"itemListElement\":[{\"@type\":\"ListItem\",\"position\":1,\"name\":\"Portada\",\"item\":\"https:\/\/ricovictor.com\/\"},{\"@type\":\"ListItem\",\"position\":2,\"name\":\"Plan de Jubilaciones en M\u00e9xico. \u00bfQui\u00e9n se puede jubilar? Parte II\"}]},{\"@type\":\"WebSite\",\"@id\":\"https:\/\/ricovictor.com\/#website\",\"url\":\"https:\/\/ricovictor.com\/\",\"name\":\"V\u00edctor A. Rico \u2014 Econometr\u00eda y Finanzas Cuantitativas\",\"description\":\"\",\"publisher\":{\"@id\":\"https:\/\/ricovictor.com\/#organization\"},\"potentialAction\":[{\"@type\":\"SearchAction\",\"target\":{\"@type\":\"EntryPoint\",\"urlTemplate\":\"https:\/\/ricovictor.com\/?s={search_term_string}\"},\"query-input\":\"required name=search_term_string\"}],\"inLanguage\":\"es\"},{\"@type\":\"Organization\",\"@id\":\"https:\/\/ricovictor.com\/#organization\",\"name\":\"V\u00edctor A. Rico \u2014 Econometr\u00eda y Finanzas Cuantitativas\",\"url\":\"https:\/\/ricovictor.com\/\",\"logo\":{\"@type\":\"ImageObject\",\"inLanguage\":\"es\",\"@id\":\"https:\/\/ricovictor.com\/#\/schema\/logo\/image\/\",\"url\":\"https:\/\/ricovictor.com\/wp-content\/uploads\/2026\/02\/cropped-ChatGPT-Image-4-feb-2026-12_41_28.png\",\"contentUrl\":\"https:\/\/ricovictor.com\/wp-content\/uploads\/2026\/02\/cropped-ChatGPT-Image-4-feb-2026-12_41_28.png\",\"width\":1402,\"height\":474,\"caption\":\"V\u00edctor A. Rico \u2014 Econometr\u00eda y Finanzas Cuantitativas\"},\"image\":{\"@id\":\"https:\/\/ricovictor.com\/#\/schema\/logo\/image\/\"}},{\"@type\":\"Person\",\"@id\":\"https:\/\/ricovictor.com\/#\/schema\/person\/edc179936bbcf9eaab0a2228fe8c97fa\",\"name\":\"Alma Alvarado\",\"image\":{\"@type\":\"ImageObject\",\"inLanguage\":\"es\",\"@id\":\"https:\/\/ricovictor.com\/#\/schema\/person\/image\/\",\"url\":\"https:\/\/secure.gravatar.com\/avatar\/7b9d1119b4a4e78578e990a0d7bc942c?s=96&d=mm&r=g\",\"contentUrl\":\"https:\/\/secure.gravatar.com\/avatar\/7b9d1119b4a4e78578e990a0d7bc942c?s=96&d=mm&r=g\",\"caption\":\"Alma Alvarado\"},\"description\":\"Economista titulada de la UAM, estudiante de desarrollo de software de UnADM, Diplomado en ciencia de datos con Phyton en UACM- scidata, Diplomado en arquitectura y administraci\u00f3n de bases de datos con SQL en UACM-scidata, trabaje en analisis de riesgos y fraudes para Banamex, asesora en jubilaciones IMSS, docente de matem\u00e1ticas, matem\u00e1ticas financieras y econom\u00eda para escuela privada.\",\"url\":\"https:\/\/ricovictor.com\/index.php\/author\/alma-alvarado\/\"}]}<\/script>\n<!-- \/ Yoast SEO plugin. -->","yoast_head_json":{"title":"Plan de Jubilaciones en M\u00e9xico. \u00bfQui\u00e9n se puede jubilar? Parte II - V\u00edctor A. Rico \u2014 Econometr\u00eda y Finanzas Cuantitativas","robots":{"index":"index","follow":"follow","max-snippet":"max-snippet:-1","max-image-preview":"max-image-preview:large","max-video-preview":"max-video-preview:-1"},"canonical":"https:\/\/ricovictor.com\/index.php\/2020\/11\/23\/plan-de-jubilaciones-en-mexico-quien-se-puede-jubilar-parte-ii\/","og_locale":"es_ES","og_type":"article","og_title":"Plan de Jubilaciones en M\u00e9xico. \u00bfQui\u00e9n se puede jubilar? Parte II - V\u00edctor A. Rico \u2014 Econometr\u00eda y Finanzas Cuantitativas","og_description":"En un post anterior hablamos sobre el plan de jubilaci\u00f3n en M\u00e9xico. En este segundo art\u00edculo veremos a detalle la ley 73 del IMSS y comenzamos haci\u00e9ndonos la siguiente pregunta: \u00bfQui\u00e9n tiene derecho a solicitar una pensi\u00f3n de retiro en el IMSS (Ley 73)? Requisitos para solicitar la pensi\u00f3n bajo la ley de 1973. 1. &hellip; Plan de Jubilaciones en M\u00e9xico. \u00bfQui\u00e9n se puede jubilar? Parte II Leer m\u00e1s &raquo;","og_url":"https:\/\/ricovictor.com\/index.php\/2020\/11\/23\/plan-de-jubilaciones-en-mexico-quien-se-puede-jubilar-parte-ii\/","og_site_name":"V\u00edctor A. Rico \u2014 Econometr\u00eda y Finanzas Cuantitativas","article_published_time":"2020-11-23T11:06:40+00:00","article_modified_time":"2026-01-29T22:00:40+00:00","og_image":[{"width":640,"height":360,"url":"https:\/\/ricovictor.com\/wp-content\/uploads\/2020\/11\/mothers-3389671_640.jpg","type":"image\/jpeg"}],"author":"Alma Alvarado","twitter_card":"summary_large_image","twitter_misc":{"Escrito por":"Alma Alvarado","Tiempo de lectura":"4 minutos"},"schema":{"@context":"https:\/\/schema.org","@graph":[{"@type":"Article","@id":"https:\/\/ricovictor.com\/index.php\/2020\/11\/23\/plan-de-jubilaciones-en-mexico-quien-se-puede-jubilar-parte-ii\/#article","isPartOf":{"@id":"https:\/\/ricovictor.com\/index.php\/2020\/11\/23\/plan-de-jubilaciones-en-mexico-quien-se-puede-jubilar-parte-ii\/"},"author":{"name":"Alma Alvarado","@id":"https:\/\/ricovictor.com\/#\/schema\/person\/edc179936bbcf9eaab0a2228fe8c97fa"},"headline":"Plan de Jubilaciones en M\u00e9xico. \u00bfQui\u00e9n se puede jubilar? Parte II","datePublished":"2020-11-23T11:06:40+00:00","dateModified":"2026-01-29T22:00:40+00:00","mainEntityOfPage":{"@id":"https:\/\/ricovictor.com\/index.php\/2020\/11\/23\/plan-de-jubilaciones-en-mexico-quien-se-puede-jubilar-parte-ii\/"},"wordCount":860,"commentCount":0,"publisher":{"@id":"https:\/\/ricovictor.com\/#organization"},"articleSection":["Econom\u00eda"],"inLanguage":"es","potentialAction":[{"@type":"CommentAction","name":"Comment","target":["https:\/\/ricovictor.com\/index.php\/2020\/11\/23\/plan-de-jubilaciones-en-mexico-quien-se-puede-jubilar-parte-ii\/#respond"]}]},{"@type":"WebPage","@id":"https:\/\/ricovictor.com\/index.php\/2020\/11\/23\/plan-de-jubilaciones-en-mexico-quien-se-puede-jubilar-parte-ii\/","url":"https:\/\/ricovictor.com\/index.php\/2020\/11\/23\/plan-de-jubilaciones-en-mexico-quien-se-puede-jubilar-parte-ii\/","name":"Plan de Jubilaciones en M\u00e9xico. \u00bfQui\u00e9n se puede jubilar? Parte II - V\u00edctor A. Rico \u2014 Econometr\u00eda y Finanzas Cuantitativas","isPartOf":{"@id":"https:\/\/ricovictor.com\/#website"},"datePublished":"2020-11-23T11:06:40+00:00","dateModified":"2026-01-29T22:00:40+00:00","breadcrumb":{"@id":"https:\/\/ricovictor.com\/index.php\/2020\/11\/23\/plan-de-jubilaciones-en-mexico-quien-se-puede-jubilar-parte-ii\/#breadcrumb"},"inLanguage":"es","potentialAction":[{"@type":"ReadAction","target":["https:\/\/ricovictor.com\/index.php\/2020\/11\/23\/plan-de-jubilaciones-en-mexico-quien-se-puede-jubilar-parte-ii\/"]}]},{"@type":"BreadcrumbList","@id":"https:\/\/ricovictor.com\/index.php\/2020\/11\/23\/plan-de-jubilaciones-en-mexico-quien-se-puede-jubilar-parte-ii\/#breadcrumb","itemListElement":[{"@type":"ListItem","position":1,"name":"Portada","item":"https:\/\/ricovictor.com\/"},{"@type":"ListItem","position":2,"name":"Plan de Jubilaciones en M\u00e9xico. \u00bfQui\u00e9n se puede jubilar? Parte II"}]},{"@type":"WebSite","@id":"https:\/\/ricovictor.com\/#website","url":"https:\/\/ricovictor.com\/","name":"V\u00edctor A. Rico \u2014 Econometr\u00eda y Finanzas Cuantitativas","description":"","publisher":{"@id":"https:\/\/ricovictor.com\/#organization"},"potentialAction":[{"@type":"SearchAction","target":{"@type":"EntryPoint","urlTemplate":"https:\/\/ricovictor.com\/?s={search_term_string}"},"query-input":"required name=search_term_string"}],"inLanguage":"es"},{"@type":"Organization","@id":"https:\/\/ricovictor.com\/#organization","name":"V\u00edctor A. Rico \u2014 Econometr\u00eda y Finanzas Cuantitativas","url":"https:\/\/ricovictor.com\/","logo":{"@type":"ImageObject","inLanguage":"es","@id":"https:\/\/ricovictor.com\/#\/schema\/logo\/image\/","url":"https:\/\/ricovictor.com\/wp-content\/uploads\/2026\/02\/cropped-ChatGPT-Image-4-feb-2026-12_41_28.png","contentUrl":"https:\/\/ricovictor.com\/wp-content\/uploads\/2026\/02\/cropped-ChatGPT-Image-4-feb-2026-12_41_28.png","width":1402,"height":474,"caption":"V\u00edctor A. Rico \u2014 Econometr\u00eda y Finanzas Cuantitativas"},"image":{"@id":"https:\/\/ricovictor.com\/#\/schema\/logo\/image\/"}},{"@type":"Person","@id":"https:\/\/ricovictor.com\/#\/schema\/person\/edc179936bbcf9eaab0a2228fe8c97fa","name":"Alma Alvarado","image":{"@type":"ImageObject","inLanguage":"es","@id":"https:\/\/ricovictor.com\/#\/schema\/person\/image\/","url":"https:\/\/secure.gravatar.com\/avatar\/7b9d1119b4a4e78578e990a0d7bc942c?s=96&d=mm&r=g","contentUrl":"https:\/\/secure.gravatar.com\/avatar\/7b9d1119b4a4e78578e990a0d7bc942c?s=96&d=mm&r=g","caption":"Alma Alvarado"},"description":"Economista titulada de la UAM, estudiante de desarrollo de software de UnADM, Diplomado en ciencia de datos con Phyton en UACM- scidata, Diplomado en arquitectura y administraci\u00f3n de bases de datos con SQL en UACM-scidata, trabaje en analisis de riesgos y fraudes para Banamex, asesora en jubilaciones IMSS, docente de matem\u00e1ticas, matem\u00e1ticas financieras y econom\u00eda para escuela privada.","url":"https:\/\/ricovictor.com\/index.php\/author\/alma-alvarado\/"}]}},"post_mailing_queue_ids":[],"_links":{"self":[{"href":"https:\/\/ricovictor.com\/index.php\/wp-json\/wp\/v2\/posts\/1208"}],"collection":[{"href":"https:\/\/ricovictor.com\/index.php\/wp-json\/wp\/v2\/posts"}],"about":[{"href":"https:\/\/ricovictor.com\/index.php\/wp-json\/wp\/v2\/types\/post"}],"author":[{"embeddable":true,"href":"https:\/\/ricovictor.com\/index.php\/wp-json\/wp\/v2\/users\/4"}],"replies":[{"embeddable":true,"href":"https:\/\/ricovictor.com\/index.php\/wp-json\/wp\/v2\/comments?post=1208"}],"version-history":[{"count":17,"href":"https:\/\/ricovictor.com\/index.php\/wp-json\/wp\/v2\/posts\/1208\/revisions"}],"predecessor-version":[{"id":1230,"href":"https:\/\/ricovictor.com\/index.php\/wp-json\/wp\/v2\/posts\/1208\/revisions\/1230"}],"wp:featuredmedia":[{"embeddable":true,"href":"https:\/\/ricovictor.com\/index.php\/wp-json\/wp\/v2\/media\/1229"}],"wp:attachment":[{"href":"https:\/\/ricovictor.com\/index.php\/wp-json\/wp\/v2\/media?parent=1208"}],"wp:term":[{"taxonomy":"category","embeddable":true,"href":"https:\/\/ricovictor.com\/index.php\/wp-json\/wp\/v2\/categories?post=1208"},{"taxonomy":"post_tag","embeddable":true,"href":"https:\/\/ricovictor.com\/index.php\/wp-json\/wp\/v2\/tags?post=1208"}],"curies":[{"name":"wp","href":"https:\/\/api.w.org\/{rel}","templated":true}]}}