{"id":1251,"date":"2020-11-28T12:42:45","date_gmt":"2020-11-28T12:42:45","guid":{"rendered":"https:\/\/ricovictor.com\/?p=1251"},"modified":"2026-01-29T21:59:25","modified_gmt":"2026-01-29T21:59:25","slug":"encadenamientos-productivos-alternativas-que-reducen-la-distancia-economica-caso-de-la-pequena-produccion-agricola","status":"publish","type":"post","link":"https:\/\/ricovictor.com\/index.php\/2020\/11\/28\/encadenamientos-productivos-alternativas-que-reducen-la-distancia-economica-caso-de-la-pequena-produccion-agricola\/","title":{"rendered":"La peque\u00f1a producci\u00f3n agr\u00edcola. Una alternativa que reduce la distancia econ\u00f3mica."},"content":{"rendered":"\t\t<div data-elementor-type=\"wp-post\" data-elementor-id=\"1251\" class=\"elementor elementor-1251\">\n\t\t\t\t\t\t\t\t\t<section class=\"elementor-section elementor-top-section elementor-element elementor-element-6cc25d7b elementor-section-boxed elementor-section-height-default elementor-section-height-default\" data-id=\"6cc25d7b\" data-element_type=\"section\">\n\t\t\t\t\t\t<div class=\"elementor-container elementor-column-gap-default\">\n\t\t\t\t\t<div class=\"elementor-column elementor-col-100 elementor-top-column elementor-element elementor-element-603c254c\" data-id=\"603c254c\" data-element_type=\"column\">\n\t\t\t<div class=\"elementor-widget-wrap elementor-element-populated\">\n\t\t\t\t\t\t\t\t<div class=\"elementor-element elementor-element-6456cff0 elementor-widget elementor-widget-text-editor\" data-id=\"6456cff0\" data-element_type=\"widget\" data-widget_type=\"text-editor.default\">\n\t\t\t\t<div class=\"elementor-widget-container\">\n\t\t\t\t\t\t\t<p><!-- wp:paragraph --><\/p>\n<p>La pandemia del <strong>COVID19<\/strong> nos oblig\u00f3 a un confinamiento y esto conllev\u00f3 a restricciones de movilidad geogr\u00e1fica por lo que <strong>muchas relaciones comerciales se tuvieron que realizar de forma local<\/strong> como por ejemplo, el abastecimiento de alimentos, por lo que <strong>muchas localidades con potencial agr\u00edcola incrementaron su dinamizaci\u00f3n econ\u00f3mica.<\/strong><\/p>\n<p><strong>\u00a0<\/strong><\/p>\n<p><!-- \/wp:paragraph --><\/p>\n<p><!-- wp:paragraph --><\/p>\n<p><!-- \/wp:paragraph --><\/p>\n<p><!-- wp:group \/--><\/p>\n<figure><img decoding=\"async\" class=\"aligncenter\" src=\"https:\/\/ricovictor.com\/wp-content\/uploads\/2020\/11\/tractors-3571452_640.jpg\" alt=\"\" \/><\/figure>\n<p><!-- wp:paragraph --><\/p>\n<p><!-- \/wp:paragraph --><\/p>\n<p><!-- wp:paragraph --><\/p>\n<p>\u00a0<\/p>\n<p>Pocos sistemas de comercializaci\u00f3n son capaces de ayudar a los peque\u00f1os y medianos productores agr\u00edcolas. La comercializaci\u00f3n convencional raras veces garantizan planes de venta estables y en buenas condiciones para los peque\u00f1os agricultores (Alfaro, 2010: 29).<\/p>\n<p><!-- \/wp:paragraph --><\/p>\n<p><!-- wp:paragraph --><\/p>\n<p><strong>Desde la \u201cTransformaci\u00f3n productiva con equidad\u201d<\/strong> de la CEPAL, que consider\u00f3 a aprovechar las posibilidades de fortalecimiento en la articulaci\u00f3n (hacia adelante y atr\u00e1s) de la agricultura con la industria, como parte de la vinculaci\u00f3n del sistema productivo; en los lineamientos de pol\u00edtica industrial, <strong>se reconoci\u00f3 importante en Am\u00e9rica Latina y el Caribe (ALC) el desarrollo de la agricultura junto con la elaboraci\u00f3n de alimentos y el procesamiento de recursos naturales (CEPAL, 1996: 93-129)<\/strong>. Ello supon\u00eda <strong>dejar de favorecer a la gran empresa agr\u00edcola e iniciar el fortalecimiento y modernizaci\u00f3n de la peque\u00f1a agricultura <\/strong>(Grisa y Sabourin, 2019: 11). En el neoestructuralista se subraya que el sector de mayor potencial se debe articular con los dem\u00e1s sectores para favorecer el \u201cderrame\u201d y los encadenamientos (CEPAL, 2009: 176-179).<\/p>\n<p>\u00a0<\/p>\n<p><!-- \/wp:paragraph --><\/p>\n<p><!-- wp:paragraph --><\/p>\n<p><!-- \/wp:paragraph --><\/p>\n<figure><img decoding=\"async\" class=\"aligncenter\" src=\"https:\/\/ricovictor.com\/wp-content\/uploads\/2020\/11\/market-1149452_640.jpg\" alt=\"\" \/><\/figure>\n<p><!-- wp:paragraph --><\/p>\n<p><!-- \/wp:paragraph --><\/p>\n<p><!-- wp:paragraph --><\/p>\n<p><strong>\u00a0<\/strong><\/p>\n<p><strong>Una cadena, est\u00e1 compuesta por distintos eslabones vinculados por relaciones de producci\u00f3n, transformaci\u00f3n, comercializaci\u00f3n, consumo, apoyo, entre otras (<\/strong>CEPAL, 2016: 12). Pueden ser local, nacional, regional o global; e involucran varios puntos de inter\u00e9s (C\u00e1rdenas, 2015: 8-14). En todo encadenamiento es fundamental complementar el enfoque microecon\u00f3mico con las teor\u00edas del desarrollo local y la perspectiva de la econom\u00eda institucional, que permitir\u00e1 analizar los problemas de coordinaci\u00f3n, confianza e incentivos necesarios (P\u00e9rez, 2014: 81).<\/p>\n<p><!-- \/wp:paragraph --><\/p>\n<p><!-- wp:paragraph --><\/p>\n<p><strong>Los encadenamientos productivos, encadenamientos comerciales de productos diferenciados y los circuitos de comercializaci\u00f3n, sintetizan las nuevas f\u00f3rmulas de coordinaci\u00f3n de actores para abordar la inserci\u00f3n de la agricultura familiar <\/strong>en los mercados -tampoco son las \u00fanicas-, constituyen alternativas a los mecanismos cl\u00e1sicos que se han utilizado en el pasado (intermediarios, mercados spot), y <strong>responden a la soluci\u00f3n de las \u201cfallas de mercado\u201d<\/strong> en los espacios que han quedado como consecuencia del retiro progresivo del Estado en las \u00e1reas de producci\u00f3n y comercializaci\u00f3n agr\u00edcola de los territorios. La estrategia consiste en reducir la distancia econ\u00f3mica y\/o geogr\u00e1fica (n\u00famero de intermediarios), entre productor y comprador (CEPAL, 2016: 14).<\/p>\n<p><!-- \/wp:paragraph --><\/p>\n<p><!-- wp:paragraph --><\/p>\n<p><strong>Las cadenas productivas de valor por considerar el enfoque sist\u00e9mico deben ser construidas como parte del desarrollo integral de los territorios y en estrecha relaci\u00f3n con todos los actores que en el intervienen<\/strong>. De esta forma se podr\u00e1n crear las condiciones para avanzar en los cambios necesarios para una nueva gesti\u00f3n del desarrollo local (Gonz\u00e1lez, Regalado &amp; Echeverr\u00eda, 2020). Los circuitos de comercializaci\u00f3n abarcan lo econ\u00f3mico y lo geogr\u00e1fico; son procesos que se desarrollan e insertan en un territorio determinado (Azevedo, 2009: 30), pueden articular productores individuales u organizados informalmente con consumidores intermedios o finales, en las que participa m\u00e1ximo un intermediario que en la mayor\u00eda de casos desarrolla las relaciones de proximidad.<\/p>\n<p><!-- \/wp:paragraph --><\/p>\n<p><!-- wp:image --><\/p>\n<p>\u00a0<\/p>\n<p><!-- \/wp:paragraph --><\/p>\n<p><!-- wp:paragraph --><\/p>\n<p><!-- \/wp:paragraph --><\/p>\t\t\t\t\t\t<\/div>\n\t\t\t\t<\/div>\n\t\t\t\t\t<\/div>\n\t\t<\/div>\n\t\t\t\t\t\t\t<\/div>\n\t\t<\/section>\n\t\t\t\t<section class=\"elementor-section elementor-top-section elementor-element elementor-element-31f54a0 elementor-section-boxed elementor-section-height-default elementor-section-height-default\" data-id=\"31f54a0\" data-element_type=\"section\">\n\t\t\t\t\t\t<div class=\"elementor-container elementor-column-gap-default\">\n\t\t\t\t\t<div class=\"elementor-column elementor-col-100 elementor-top-column elementor-element elementor-element-bd3b135\" data-id=\"bd3b135\" data-element_type=\"column\">\n\t\t\t<div class=\"elementor-widget-wrap elementor-element-populated\">\n\t\t\t\t\t\t\t\t<div class=\"elementor-element elementor-element-8169941 elementor-widget elementor-widget-image\" data-id=\"8169941\" data-element_type=\"widget\" data-widget_type=\"image.default\">\n\t\t\t\t<div class=\"elementor-widget-container\">\n\t\t\t\t\t\t\t\t\t\t\t\t\t\t\t<img loading=\"lazy\" decoding=\"async\" width=\"572\" height=\"494\" src=\"https:\/\/ricovictor.com\/wp-content\/uploads\/2020\/11\/encadenados-producitvos.jpg\" class=\"attachment-medium_large size-medium_large wp-image-1294\" alt=\"\" srcset=\"https:\/\/ricovictor.com\/wp-content\/uploads\/2020\/11\/encadenados-producitvos.jpg 572w, https:\/\/ricovictor.com\/wp-content\/uploads\/2020\/11\/encadenados-producitvos-300x259.jpg 300w\" sizes=\"(max-width: 572px) 100vw, 572px\" \/>\t\t\t\t\t\t\t\t\t\t\t\t\t\t\t<\/div>\n\t\t\t\t<\/div>\n\t\t\t\t\t<\/div>\n\t\t<\/div>\n\t\t\t\t\t\t\t<\/div>\n\t\t<\/section>\n\t\t\t\t<section class=\"elementor-section elementor-top-section elementor-element elementor-element-0650ca5 elementor-section-boxed elementor-section-height-default elementor-section-height-default\" data-id=\"0650ca5\" data-element_type=\"section\">\n\t\t\t\t\t\t<div class=\"elementor-container elementor-column-gap-default\">\n\t\t\t\t\t<div class=\"elementor-column elementor-col-100 elementor-top-column elementor-element elementor-element-f480dd0\" data-id=\"f480dd0\" data-element_type=\"column\">\n\t\t\t<div class=\"elementor-widget-wrap elementor-element-populated\">\n\t\t\t\t\t\t\t\t<div class=\"elementor-element elementor-element-4023576 elementor-widget elementor-widget-text-editor\" data-id=\"4023576\" data-element_type=\"widget\" data-widget_type=\"text-editor.default\">\n\t\t\t\t<div class=\"elementor-widget-container\">\n\t\t\t\t\t\t\t<figure class=\"wp-block-image\"><img alt=\"\" \/><\/figure>\n<p><!-- \/wp:image --><\/p>\n<p><!-- wp:paragraph --><\/p>\n<p><strong>\u201cProyecto Huertas Life Km 0\u201d en Zaragoza (Espa\u00f1a), es un modelo de producci\u00f3n que abastece a la ciudad de alimentos a trav\u00e9s de circuitos cortos de comercializaci\u00f3n<\/strong>; ha logrado que los productores agr\u00edcolas locales vendan sus productos en mercados, tiendas, centros p\u00fablicos y restaurantes locales (Conde, 2016: 63-64). Onda (Espa\u00f1a), tambi\u00e9n ha credo conexiones entre productores agr\u00edcolas y restaurantes, e impulsado productos con la marca \u201cKm 0\u201d (HGL, 2014).<\/p>\n<p><!-- \/wp:paragraph --><\/p>\n<p><!-- wp:paragraph --><\/p>\n<p><strong>Estas estrategias no se buscan modificar el sistema de propiedad, ni instaurar formas de producci\u00f3n de no explotaci\u00f3n, entre otros (Iglesias, 2007: 64), aunque si fomentar las formas de gobernanza local participativas<\/strong>, un sistema de valores de cooperaci\u00f3n y ventajas competitivas en los territorios. M\u00e1s bien son una alternativa dentro del actual modelo de producci\u00f3n con enfoque territorial y solidario, que busca reducir las fallas de mercado en el territorio; con una participaci\u00f3n activa del Estado como facilitador y de la poblaci\u00f3n local como actor principal.<\/p>\n<p><!-- \/wp:paragraph --><\/p>\n<p><!-- wp:paragraph --><\/p>\n<p>En los \u00faltimos a\u00f1os, la CEPAL ha iniciado giras y talleres para conocer y reconocer los encadenamientos locales como ejemplos de articulaci\u00f3n: Estatal, de la academia, de proveedores y empresarial (CEPAL1, 2019); y por la capacidad que tienen estos para<strong> impulsar el desarrollo de otras y nuevas actividades econ\u00f3micas locales <\/strong>(CEPAL2, 2019).<\/p>\t\t\t\t\t\t<\/div>\n\t\t\t\t<\/div>\n\t\t\t\t\t<\/div>\n\t\t<\/div>\n\t\t\t\t\t\t\t<\/div>\n\t\t<\/section>\n\t\t\t\t<section class=\"elementor-section elementor-top-section elementor-element elementor-element-a0f8dba elementor-section-boxed elementor-section-height-default elementor-section-height-default\" data-id=\"a0f8dba\" data-element_type=\"section\">\n\t\t\t\t\t\t<div class=\"elementor-container elementor-column-gap-default\">\n\t\t\t\t\t<div class=\"elementor-column elementor-col-100 elementor-top-column elementor-element elementor-element-0f6acb5\" data-id=\"0f6acb5\" data-element_type=\"column\">\n\t\t\t<div class=\"elementor-widget-wrap elementor-element-populated\">\n\t\t\t\t\t\t\t\t<div class=\"elementor-element elementor-element-09eef39 elementor-widget-divider--view-line elementor-widget elementor-widget-divider\" data-id=\"09eef39\" data-element_type=\"widget\" data-widget_type=\"divider.default\">\n\t\t\t\t<div class=\"elementor-widget-container\">\n\t\t\t\t\t<div class=\"elementor-divider\">\n\t\t\t<span class=\"elementor-divider-separator\">\n\t\t\t\t\t\t<\/span>\n\t\t<\/div>\n\t\t\t\t<\/div>\n\t\t\t\t<\/div>\n\t\t\t\t<div class=\"elementor-element elementor-element-3b75892 elementor-widget elementor-widget-text-editor\" data-id=\"3b75892\" data-element_type=\"widget\" data-widget_type=\"text-editor.default\">\n\t\t\t\t<div class=\"elementor-widget-container\">\n\t\t\t\t\t\t\t<p>Bibliograf\u00eda.<\/p>\n<p>\u00a0<\/p>\n<p>Alfaro, J. (2010). Importancia del peque\u00f1o productor y la agricultura sostenible para la conservaci\u00f3n del ecosistema.<\/p>\n<p>Coordinadora Latinoamericana y del Caribe de peque\u00f1os productores y comercio justo. Recuperado de <span role=\"gridcell\"><a class=\"oajrlxb2 g5ia77u1 qu0x051f esr5mh6w e9989ue4 r7d6kgcz rq0escxv nhd2j8a9 nc684nl6 p7hjln8o kvgmc6g5 cxmmr5t8 oygrvhab hcukyx3x jb3vyjys rz4wbd8a qt6c0cv9 a8nywdso i1ao9s8h oo483o9r f1sip0of lzcic4wl oo9gr5id gpro0wi8\" tabindex=\"0\" role=\"link\" href=\"http:\/\/clac-comerciojusto.org\/wp-content\/uploads\/2015\/04\/2010-Importancia-del-peque%C3%B1o-productor.pdf?fbclid=IwAR3YSxa-bqUvY961IBqILkTO1qCfL_kGoyt6F1WtCDiV5rO6zibe3tVfECo\" target=\"_blank\" rel=\"nofollow noopener\">http:\/\/clac-comerciojusto.org\/wp-content\/uploads\/2015\/04\/2010-Importancia-del-peque%C3%B1o-productor.pdf<\/a><\/span> Azevedo, Clecio (2009).<\/p>\n<p>La configuraci\u00f3n de los circuitos \u201cde proximidad\u201d en el sistema alimentario: tendencias evolutivas. Documents d\u00b4analisi geogr\u00e1fica, 54. Recuperado de <span role=\"gridcell\"><a class=\"oajrlxb2 g5ia77u1 qu0x051f esr5mh6w e9989ue4 r7d6kgcz rq0escxv nhd2j8a9 nc684nl6 p7hjln8o kvgmc6g5 cxmmr5t8 oygrvhab hcukyx3x jb3vyjys rz4wbd8a qt6c0cv9 a8nywdso i1ao9s8h oo483o9r f1sip0of lzcic4wl oo9gr5id gpro0wi8\" tabindex=\"0\" role=\"link\" href=\"https:\/\/core.ac.uk\/download\/pdf\/13285626.pdf?fbclid=IwAR3HQV1fpRqmukvl37ABTEG3UxOfvbQmn2tJZpajD9yh7_QGY8vNJVrxecc\" target=\"_blank\" rel=\"nofollow noopener\">https:\/\/core.ac.uk\/download\/pdf\/13285626.pdf<\/a><\/span> C\u00e1rdenas, Andrea (2015):<\/p>\n<p>Encadenamientos productivos: La gu\u00eda pr\u00e1ctica. Colegio de Estudios Superiores de Administraci\u00f3n. Bogot\u00e1, Colombia. CEPAL (1996). Transformaci\u00f3n productiva con equidad. Santiago de Chile. Recuperado de <span role=\"gridcell\"><a class=\"oajrlxb2 g5ia77u1 qu0x051f esr5mh6w e9989ue4 r7d6kgcz rq0escxv nhd2j8a9 nc684nl6 p7hjln8o kvgmc6g5 cxmmr5t8 oygrvhab hcukyx3x jb3vyjys rz4wbd8a qt6c0cv9 a8nywdso i1ao9s8h oo483o9r f1sip0of lzcic4wl oo9gr5id gpro0wi8\" tabindex=\"0\" role=\"link\" href=\"https:\/\/l.facebook.com\/l.php?u=https%3A%2F%2Frepositorio.cepal.org%2Fbitstream%2Fhandle%2F11362%2F2102%2F1%2FS9181285_es.pdf%3Ffbclid%3DIwAR0lehO9YyZooc6xeJIQSKp60XU7Zx5vnVk6c15C9zPT-0dA_b-gHuBVCKU&amp;h=AT2VRPp1KWViivftOiW_pF0dUyngJ-EbOaMfxcn3LxhCaQ9MMi9nyn_SKPMtImE-n5s-F-s8qTsQaQOJpcJYsx__eJIpzMgJ_IaJJVFoEtA3IlD3GOLAsWlmhzLpi2KRHKXsnQ\" target=\"_blank\" rel=\"nofollow noopener\">https:\/\/repositorio.cepal.org\/bitstream\/handle\/11362\/2102\/1\/S9181285_es.pdf<\/a><\/span> CEPAL (2016).<\/p>\n<p>Encadenamientos productivos y circuitos cortos: innovaciones en esquemas de producci\u00f3n y comercializaci\u00f3n para la agricultura familiar. An\u00e1lisis de la experiencia Internacional y Latinoam\u00e9rica. Santiago de Chile. Recuperado de <span role=\"gridcell\"><a class=\"oajrlxb2 g5ia77u1 qu0x051f esr5mh6w e9989ue4 r7d6kgcz rq0escxv nhd2j8a9 nc684nl6 p7hjln8o kvgmc6g5 cxmmr5t8 oygrvhab hcukyx3x jb3vyjys rz4wbd8a qt6c0cv9 a8nywdso i1ao9s8h oo483o9r f1sip0of lzcic4wl oo9gr5id gpro0wi8\" tabindex=\"0\" role=\"link\" href=\"https:\/\/repositorio.cepal.org\/bitstream\/handle\/11362\/40688\/S1600739_es.pdf?sequence=1&amp;isAllowed=y&amp;fbclid=IwAR0K3vqnW0llTHJEf6ZnZHnEZB-mv9Mrgn38wAc1AG37Pa0cHL3bl0bND3s\" target=\"_blank\" rel=\"nofollow noopener\">https:\/\/repositorio.cepal.org\/bitstream\/handle\/11362\/40688\/S1600739_es.pdf?sequence=1&amp;isAllowed=y<\/a><\/span> CEPAL (2019).<\/p>\n<p>Gu\u00eda t\u00e9cnica: \u201cencadenamientos productivos y desarrollo sostenible\u201d. Santiago de Chile. Recuperado de <span role=\"gridcell\"><a class=\"oajrlxb2 g5ia77u1 qu0x051f esr5mh6w e9989ue4 r7d6kgcz rq0escxv nhd2j8a9 nc684nl6 p7hjln8o kvgmc6g5 cxmmr5t8 oygrvhab hcukyx3x jb3vyjys rz4wbd8a qt6c0cv9 a8nywdso i1ao9s8h oo483o9r f1sip0of lzcic4wl oo9gr5id gpro0wi8\" tabindex=\"0\" role=\"link\" href=\"https:\/\/l.facebook.com\/l.php?u=https%3A%2F%2Fwww.cepal.org%2Fes%2Feventos%2Fgira-tecnica-encadenamientos-productivos-desarrollo-sostenible%3Ffbclid%3DIwAR00I4u5OiDsANbmqFBskhXntSjI0oDGaBsfc1DDtnQH4hGG662lKC7Lb0k&amp;h=AT2VRPp1KWViivftOiW_pF0dUyngJ-EbOaMfxcn3LxhCaQ9MMi9nyn_SKPMtImE-n5s-F-s8qTsQaQOJpcJYsx__eJIpzMgJ_IaJJVFoEtA3IlD3GOLAsWlmhzLpi2KRHKXsnQ\" target=\"_blank\" rel=\"nofollow noopener\">https:\/\/www.cepal.org\/es\/eventos\/gira-tecnica-encadenamientos-productivos-desarrollo-sostenible<\/a><\/span> CEPAL-2 (2019).<\/p>\n<p>Taller sobre encadenamientos productivos en el sector minero. Santiago de Chile. Recuperado de <span role=\"gridcell\"><a class=\"oajrlxb2 g5ia77u1 qu0x051f esr5mh6w e9989ue4 r7d6kgcz rq0escxv nhd2j8a9 nc684nl6 p7hjln8o kvgmc6g5 cxmmr5t8 oygrvhab hcukyx3x jb3vyjys rz4wbd8a qt6c0cv9 a8nywdso i1ao9s8h oo483o9r f1sip0of lzcic4wl oo9gr5id gpro0wi8\" tabindex=\"0\" role=\"link\" href=\"https:\/\/www.cepal.org\/es\/eventos\/taller-encadenamientos-productivos-sector-minero?fbclid=IwAR2MLl_BUi4hrALXCuaIoqVaSN4HSxZ4yw4Qa1iRfo2kdIvh4z-2DTFQ1hM\" target=\"_blank\" rel=\"nofollow noopener\">https:\/\/www.cepal.org\/es\/eventos\/taller-encadenamientos-productivos-sector-minero<\/a><\/span><\/p>\n<div class=\"l60d2q6s d1544ag0 sj5x9vvc tw6a2znq l9j0dhe7 ni8dbmo4 stjgntxs qlfml3jp jinzq4gt e72ty7fz mrjvor2e jm1wdb64 qv66sw1b ljqsnud1 g6srhlxm odn2s2vf\">\n<div class=\"oo9gr5id\" dir=\"auto\">Grisa, C. y Sabourin, E. 2019. Agricultura Familiar: de los conceptos a las pol\u00edticas p\u00fablicas en Am\u00e9rica Latina y el Caribe.2030 &#8211; Alimentaci\u00f3n, agricultura y desarrollo rural en Am\u00e9rica Latina y el Caribe, No. 15. Santiago de Chile. FAO. 19 p. 11<\/div>\n<\/div>\n<div class=\"sf5mxxl7 b3i9ofy5 ni8dbmo4 stjgntxs datstx6m monazrh9 qmr60zad h905i5nu inkptoze\">\n<div class=\"j83agx80 cbu4d94t datstx6m\">\n<div class=\"j83agx80 taijpn5t cbu4d94t buofh1pr cehpxlet n1l5q3vz tvfksri0 n851cfcs ozuftl9m\">\u00a0<\/div>\n<\/div>\n<\/div>\n<p>\u00a0<\/p>\t\t\t\t\t\t<\/div>\n\t\t\t\t<\/div>\n\t\t\t\t\t<\/div>\n\t\t<\/div>\n\t\t\t\t\t\t\t<\/div>\n\t\t<\/section>\n\t\t\t\t\t\t\t<\/div>\n\t\t","protected":false},"excerpt":{"rendered":"<p>La pandemia del COVID19 nos oblig\u00f3 a un confinamiento y esto conllev\u00f3 a restricciones de movilidad geogr\u00e1fica por lo que muchas relaciones comerciales se tuvieron que realizar de forma local como por ejemplo, el abastecimiento de alimentos, por lo que muchas localidades con potencial agr\u00edcola incrementaron su dinamizaci\u00f3n econ\u00f3mica. \u00a0 \u00a0 Pocos sistemas de comercializaci\u00f3n &hellip;<\/p>\n<p class=\"read-more\"> <a class=\"\" href=\"https:\/\/ricovictor.com\/index.php\/2020\/11\/28\/encadenamientos-productivos-alternativas-que-reducen-la-distancia-economica-caso-de-la-pequena-produccion-agricola\/\"> <span class=\"screen-reader-text\">La peque\u00f1a producci\u00f3n agr\u00edcola. Una alternativa que reduce la distancia econ\u00f3mica.<\/span> Leer m\u00e1s &raquo;<\/a><\/p>\n","protected":false},"author":8,"featured_media":1281,"comment_status":"open","ping_status":"open","sticky":false,"template":"","format":"standard","meta":{"site-sidebar-layout":"default","site-content-layout":"","ast-site-content-layout":"","site-content-style":"default","site-sidebar-style":"default","ast-global-header-display":"","ast-banner-title-visibility":"","ast-main-header-display":"","ast-hfb-above-header-display":"","ast-hfb-below-header-display":"","ast-hfb-mobile-header-display":"","site-post-title":"","ast-breadcrumbs-content":"","ast-featured-img":"","footer-sml-layout":"","theme-transparent-header-meta":"","adv-header-id-meta":"","stick-header-meta":"","header-above-stick-meta":"","header-main-stick-meta":"","header-below-stick-meta":"","astra-migrate-meta-layouts":"","ast-page-background-enabled":"default","ast-page-background-meta":{"desktop":{"background-color":"var(--ast-global-color-4)","background-image":"","background-repeat":"repeat","background-position":"center center","background-size":"auto","background-attachment":"scroll","background-type":"","background-media":"","overlay-type":"","overlay-color":"","overlay-gradient":""},"tablet":{"background-color":"","background-image":"","background-repeat":"repeat","background-position":"center center","background-size":"auto","background-attachment":"scroll","background-type":"","background-media":"","overlay-type":"","overlay-color":"","overlay-gradient":""},"mobile":{"background-color":"","background-image":"","background-repeat":"repeat","background-position":"center center","background-size":"auto","background-attachment":"scroll","background-type":"","background-media":"","overlay-type":"","overlay-color":"","overlay-gradient":""}},"ast-content-background-meta":{"desktop":{"background-color":"var(--ast-global-color-5)","background-image":"","background-repeat":"repeat","background-position":"center center","background-size":"auto","background-attachment":"scroll","background-type":"","background-media":"","overlay-type":"","overlay-color":"","overlay-gradient":""},"tablet":{"background-color":"var(--ast-global-color-5)","background-image":"","background-repeat":"repeat","background-position":"center center","background-size":"auto","background-attachment":"scroll","background-type":"","background-media":"","overlay-type":"","overlay-color":"","overlay-gradient":""},"mobile":{"background-color":"var(--ast-global-color-5)","background-image":"","background-repeat":"repeat","background-position":"center center","background-size":"auto","background-attachment":"scroll","background-type":"","background-media":"","overlay-type":"","overlay-color":"","overlay-gradient":""}},"footnotes":""},"categories":[86],"tags":[],"yoast_head":"<!-- This site is optimized with the Yoast SEO plugin v21.6 - https:\/\/yoast.com\/wordpress\/plugins\/seo\/ -->\n<title>La peque\u00f1a producci\u00f3n agr\u00edcola. Una alternativa que reduce la distancia econ\u00f3mica. - V\u00edctor A. Rico \u2014 Econometr\u00eda y Finanzas Cuantitativas<\/title>\n<meta name=\"robots\" content=\"index, follow, max-snippet:-1, max-image-preview:large, max-video-preview:-1\" \/>\n<link rel=\"canonical\" href=\"https:\/\/ricovictor.com\/index.php\/2020\/11\/28\/encadenamientos-productivos-alternativas-que-reducen-la-distancia-economica-caso-de-la-pequena-produccion-agricola\/\" \/>\n<meta property=\"og:locale\" content=\"es_ES\" \/>\n<meta property=\"og:type\" content=\"article\" \/>\n<meta property=\"og:title\" content=\"La peque\u00f1a producci\u00f3n agr\u00edcola. Una alternativa que reduce la distancia econ\u00f3mica. - V\u00edctor A. Rico \u2014 Econometr\u00eda y Finanzas Cuantitativas\" \/>\n<meta property=\"og:description\" content=\"La pandemia del COVID19 nos oblig\u00f3 a un confinamiento y esto conllev\u00f3 a restricciones de movilidad geogr\u00e1fica por lo que muchas relaciones comerciales se tuvieron que realizar de forma local como por ejemplo, el abastecimiento de alimentos, por lo que muchas localidades con potencial agr\u00edcola incrementaron su dinamizaci\u00f3n econ\u00f3mica. \u00a0 \u00a0 Pocos sistemas de comercializaci\u00f3n &hellip; La peque\u00f1a producci\u00f3n agr\u00edcola. Una alternativa que reduce la distancia econ\u00f3mica. Leer m\u00e1s &raquo;\" \/>\n<meta property=\"og:url\" content=\"https:\/\/ricovictor.com\/index.php\/2020\/11\/28\/encadenamientos-productivos-alternativas-que-reducen-la-distancia-economica-caso-de-la-pequena-produccion-agricola\/\" \/>\n<meta property=\"og:site_name\" content=\"V\u00edctor A. Rico \u2014 Econometr\u00eda y Finanzas Cuantitativas\" \/>\n<meta property=\"article:published_time\" content=\"2020-11-28T12:42:45+00:00\" \/>\n<meta property=\"article:modified_time\" content=\"2026-01-29T21:59:25+00:00\" \/>\n<meta property=\"og:image\" content=\"https:\/\/ricovictor.com\/wp-content\/uploads\/2020\/11\/agriculture-1807549_640.jpg\" \/>\n\t<meta property=\"og:image:width\" content=\"640\" \/>\n\t<meta property=\"og:image:height\" content=\"397\" \/>\n\t<meta property=\"og:image:type\" content=\"image\/jpeg\" \/>\n<meta name=\"author\" content=\"Claudio Mendez\" \/>\n<meta name=\"twitter:card\" content=\"summary_large_image\" \/>\n<meta name=\"twitter:label1\" content=\"Escrito por\" \/>\n\t<meta name=\"twitter:data1\" content=\"Claudio Mendez\" \/>\n\t<meta name=\"twitter:label2\" content=\"Tiempo de lectura\" \/>\n\t<meta name=\"twitter:data2\" content=\"5 minutos\" \/>\n<script type=\"application\/ld+json\" class=\"yoast-schema-graph\">{\"@context\":\"https:\/\/schema.org\",\"@graph\":[{\"@type\":\"Article\",\"@id\":\"https:\/\/ricovictor.com\/index.php\/2020\/11\/28\/encadenamientos-productivos-alternativas-que-reducen-la-distancia-economica-caso-de-la-pequena-produccion-agricola\/#article\",\"isPartOf\":{\"@id\":\"https:\/\/ricovictor.com\/index.php\/2020\/11\/28\/encadenamientos-productivos-alternativas-que-reducen-la-distancia-economica-caso-de-la-pequena-produccion-agricola\/\"},\"author\":{\"name\":\"Claudio Mendez\",\"@id\":\"https:\/\/ricovictor.com\/#\/schema\/person\/8308bc6672d70b508fd1b7df3f026aef\"},\"headline\":\"La peque\u00f1a producci\u00f3n agr\u00edcola. Una alternativa que reduce la distancia econ\u00f3mica.\",\"datePublished\":\"2020-11-28T12:42:45+00:00\",\"dateModified\":\"2026-01-29T21:59:25+00:00\",\"mainEntityOfPage\":{\"@id\":\"https:\/\/ricovictor.com\/index.php\/2020\/11\/28\/encadenamientos-productivos-alternativas-que-reducen-la-distancia-economica-caso-de-la-pequena-produccion-agricola\/\"},\"wordCount\":1020,\"commentCount\":0,\"publisher\":{\"@id\":\"https:\/\/ricovictor.com\/#organization\"},\"articleSection\":[\"Econom\u00eda\"],\"inLanguage\":\"es\",\"potentialAction\":[{\"@type\":\"CommentAction\",\"name\":\"Comment\",\"target\":[\"https:\/\/ricovictor.com\/index.php\/2020\/11\/28\/encadenamientos-productivos-alternativas-que-reducen-la-distancia-economica-caso-de-la-pequena-produccion-agricola\/#respond\"]}]},{\"@type\":\"WebPage\",\"@id\":\"https:\/\/ricovictor.com\/index.php\/2020\/11\/28\/encadenamientos-productivos-alternativas-que-reducen-la-distancia-economica-caso-de-la-pequena-produccion-agricola\/\",\"url\":\"https:\/\/ricovictor.com\/index.php\/2020\/11\/28\/encadenamientos-productivos-alternativas-que-reducen-la-distancia-economica-caso-de-la-pequena-produccion-agricola\/\",\"name\":\"La peque\u00f1a producci\u00f3n agr\u00edcola. Una alternativa que reduce la distancia econ\u00f3mica. - V\u00edctor A. Rico \u2014 Econometr\u00eda y Finanzas Cuantitativas\",\"isPartOf\":{\"@id\":\"https:\/\/ricovictor.com\/#website\"},\"datePublished\":\"2020-11-28T12:42:45+00:00\",\"dateModified\":\"2026-01-29T21:59:25+00:00\",\"breadcrumb\":{\"@id\":\"https:\/\/ricovictor.com\/index.php\/2020\/11\/28\/encadenamientos-productivos-alternativas-que-reducen-la-distancia-economica-caso-de-la-pequena-produccion-agricola\/#breadcrumb\"},\"inLanguage\":\"es\",\"potentialAction\":[{\"@type\":\"ReadAction\",\"target\":[\"https:\/\/ricovictor.com\/index.php\/2020\/11\/28\/encadenamientos-productivos-alternativas-que-reducen-la-distancia-economica-caso-de-la-pequena-produccion-agricola\/\"]}]},{\"@type\":\"BreadcrumbList\",\"@id\":\"https:\/\/ricovictor.com\/index.php\/2020\/11\/28\/encadenamientos-productivos-alternativas-que-reducen-la-distancia-economica-caso-de-la-pequena-produccion-agricola\/#breadcrumb\",\"itemListElement\":[{\"@type\":\"ListItem\",\"position\":1,\"name\":\"Portada\",\"item\":\"https:\/\/ricovictor.com\/\"},{\"@type\":\"ListItem\",\"position\":2,\"name\":\"La peque\u00f1a producci\u00f3n agr\u00edcola. Una alternativa que reduce la distancia econ\u00f3mica.\"}]},{\"@type\":\"WebSite\",\"@id\":\"https:\/\/ricovictor.com\/#website\",\"url\":\"https:\/\/ricovictor.com\/\",\"name\":\"V\u00edctor A. Rico \u2014 Econometr\u00eda y Finanzas Cuantitativas\",\"description\":\"\",\"publisher\":{\"@id\":\"https:\/\/ricovictor.com\/#organization\"},\"potentialAction\":[{\"@type\":\"SearchAction\",\"target\":{\"@type\":\"EntryPoint\",\"urlTemplate\":\"https:\/\/ricovictor.com\/?s={search_term_string}\"},\"query-input\":\"required name=search_term_string\"}],\"inLanguage\":\"es\"},{\"@type\":\"Organization\",\"@id\":\"https:\/\/ricovictor.com\/#organization\",\"name\":\"V\u00edctor A. Rico \u2014 Econometr\u00eda y Finanzas Cuantitativas\",\"url\":\"https:\/\/ricovictor.com\/\",\"logo\":{\"@type\":\"ImageObject\",\"inLanguage\":\"es\",\"@id\":\"https:\/\/ricovictor.com\/#\/schema\/logo\/image\/\",\"url\":\"https:\/\/ricovictor.com\/wp-content\/uploads\/2026\/02\/cropped-ChatGPT-Image-4-feb-2026-12_41_28.png\",\"contentUrl\":\"https:\/\/ricovictor.com\/wp-content\/uploads\/2026\/02\/cropped-ChatGPT-Image-4-feb-2026-12_41_28.png\",\"width\":1402,\"height\":474,\"caption\":\"V\u00edctor A. Rico \u2014 Econometr\u00eda y Finanzas Cuantitativas\"},\"image\":{\"@id\":\"https:\/\/ricovictor.com\/#\/schema\/logo\/image\/\"}},{\"@type\":\"Person\",\"@id\":\"https:\/\/ricovictor.com\/#\/schema\/person\/8308bc6672d70b508fd1b7df3f026aef\",\"name\":\"Claudio Mendez\",\"image\":{\"@type\":\"ImageObject\",\"inLanguage\":\"es\",\"@id\":\"https:\/\/ricovictor.com\/#\/schema\/person\/image\/\",\"url\":\"https:\/\/secure.gravatar.com\/avatar\/430fdf9748581cfc0aabb88e477c205c?s=96&d=mm&r=g\",\"contentUrl\":\"https:\/\/secure.gravatar.com\/avatar\/430fdf9748581cfc0aabb88e477c205c?s=96&d=mm&r=g\",\"caption\":\"Claudio Mendez\"},\"description\":\"Licenciado en econom\u00eda por la Universidad de El Salvador, trabajo actualmente en an\u00e1lisis de inversiones locales para el sector privado y soy egresado de la Maestr\u00eda en Desarrollo Territorial.\",\"url\":\"https:\/\/ricovictor.com\/index.php\/author\/claudio-mendez\/\"}]}<\/script>\n<!-- \/ Yoast SEO plugin. -->","yoast_head_json":{"title":"La peque\u00f1a producci\u00f3n agr\u00edcola. Una alternativa que reduce la distancia econ\u00f3mica. - V\u00edctor A. Rico \u2014 Econometr\u00eda y Finanzas Cuantitativas","robots":{"index":"index","follow":"follow","max-snippet":"max-snippet:-1","max-image-preview":"max-image-preview:large","max-video-preview":"max-video-preview:-1"},"canonical":"https:\/\/ricovictor.com\/index.php\/2020\/11\/28\/encadenamientos-productivos-alternativas-que-reducen-la-distancia-economica-caso-de-la-pequena-produccion-agricola\/","og_locale":"es_ES","og_type":"article","og_title":"La peque\u00f1a producci\u00f3n agr\u00edcola. Una alternativa que reduce la distancia econ\u00f3mica. - V\u00edctor A. Rico \u2014 Econometr\u00eda y Finanzas Cuantitativas","og_description":"La pandemia del COVID19 nos oblig\u00f3 a un confinamiento y esto conllev\u00f3 a restricciones de movilidad geogr\u00e1fica por lo que muchas relaciones comerciales se tuvieron que realizar de forma local como por ejemplo, el abastecimiento de alimentos, por lo que muchas localidades con potencial agr\u00edcola incrementaron su dinamizaci\u00f3n econ\u00f3mica. \u00a0 \u00a0 Pocos sistemas de comercializaci\u00f3n &hellip; La peque\u00f1a producci\u00f3n agr\u00edcola. Una alternativa que reduce la distancia econ\u00f3mica. Leer m\u00e1s &raquo;","og_url":"https:\/\/ricovictor.com\/index.php\/2020\/11\/28\/encadenamientos-productivos-alternativas-que-reducen-la-distancia-economica-caso-de-la-pequena-produccion-agricola\/","og_site_name":"V\u00edctor A. Rico \u2014 Econometr\u00eda y Finanzas Cuantitativas","article_published_time":"2020-11-28T12:42:45+00:00","article_modified_time":"2026-01-29T21:59:25+00:00","og_image":[{"width":640,"height":397,"url":"https:\/\/ricovictor.com\/wp-content\/uploads\/2020\/11\/agriculture-1807549_640.jpg","type":"image\/jpeg"}],"author":"Claudio Mendez","twitter_card":"summary_large_image","twitter_misc":{"Escrito por":"Claudio Mendez","Tiempo de lectura":"5 minutos"},"schema":{"@context":"https:\/\/schema.org","@graph":[{"@type":"Article","@id":"https:\/\/ricovictor.com\/index.php\/2020\/11\/28\/encadenamientos-productivos-alternativas-que-reducen-la-distancia-economica-caso-de-la-pequena-produccion-agricola\/#article","isPartOf":{"@id":"https:\/\/ricovictor.com\/index.php\/2020\/11\/28\/encadenamientos-productivos-alternativas-que-reducen-la-distancia-economica-caso-de-la-pequena-produccion-agricola\/"},"author":{"name":"Claudio Mendez","@id":"https:\/\/ricovictor.com\/#\/schema\/person\/8308bc6672d70b508fd1b7df3f026aef"},"headline":"La peque\u00f1a producci\u00f3n agr\u00edcola. Una alternativa que reduce la distancia econ\u00f3mica.","datePublished":"2020-11-28T12:42:45+00:00","dateModified":"2026-01-29T21:59:25+00:00","mainEntityOfPage":{"@id":"https:\/\/ricovictor.com\/index.php\/2020\/11\/28\/encadenamientos-productivos-alternativas-que-reducen-la-distancia-economica-caso-de-la-pequena-produccion-agricola\/"},"wordCount":1020,"commentCount":0,"publisher":{"@id":"https:\/\/ricovictor.com\/#organization"},"articleSection":["Econom\u00eda"],"inLanguage":"es","potentialAction":[{"@type":"CommentAction","name":"Comment","target":["https:\/\/ricovictor.com\/index.php\/2020\/11\/28\/encadenamientos-productivos-alternativas-que-reducen-la-distancia-economica-caso-de-la-pequena-produccion-agricola\/#respond"]}]},{"@type":"WebPage","@id":"https:\/\/ricovictor.com\/index.php\/2020\/11\/28\/encadenamientos-productivos-alternativas-que-reducen-la-distancia-economica-caso-de-la-pequena-produccion-agricola\/","url":"https:\/\/ricovictor.com\/index.php\/2020\/11\/28\/encadenamientos-productivos-alternativas-que-reducen-la-distancia-economica-caso-de-la-pequena-produccion-agricola\/","name":"La peque\u00f1a producci\u00f3n agr\u00edcola. Una alternativa que reduce la distancia econ\u00f3mica. - V\u00edctor A. Rico \u2014 Econometr\u00eda y Finanzas Cuantitativas","isPartOf":{"@id":"https:\/\/ricovictor.com\/#website"},"datePublished":"2020-11-28T12:42:45+00:00","dateModified":"2026-01-29T21:59:25+00:00","breadcrumb":{"@id":"https:\/\/ricovictor.com\/index.php\/2020\/11\/28\/encadenamientos-productivos-alternativas-que-reducen-la-distancia-economica-caso-de-la-pequena-produccion-agricola\/#breadcrumb"},"inLanguage":"es","potentialAction":[{"@type":"ReadAction","target":["https:\/\/ricovictor.com\/index.php\/2020\/11\/28\/encadenamientos-productivos-alternativas-que-reducen-la-distancia-economica-caso-de-la-pequena-produccion-agricola\/"]}]},{"@type":"BreadcrumbList","@id":"https:\/\/ricovictor.com\/index.php\/2020\/11\/28\/encadenamientos-productivos-alternativas-que-reducen-la-distancia-economica-caso-de-la-pequena-produccion-agricola\/#breadcrumb","itemListElement":[{"@type":"ListItem","position":1,"name":"Portada","item":"https:\/\/ricovictor.com\/"},{"@type":"ListItem","position":2,"name":"La peque\u00f1a producci\u00f3n agr\u00edcola. Una alternativa que reduce la distancia econ\u00f3mica."}]},{"@type":"WebSite","@id":"https:\/\/ricovictor.com\/#website","url":"https:\/\/ricovictor.com\/","name":"V\u00edctor A. Rico \u2014 Econometr\u00eda y Finanzas Cuantitativas","description":"","publisher":{"@id":"https:\/\/ricovictor.com\/#organization"},"potentialAction":[{"@type":"SearchAction","target":{"@type":"EntryPoint","urlTemplate":"https:\/\/ricovictor.com\/?s={search_term_string}"},"query-input":"required name=search_term_string"}],"inLanguage":"es"},{"@type":"Organization","@id":"https:\/\/ricovictor.com\/#organization","name":"V\u00edctor A. Rico \u2014 Econometr\u00eda y Finanzas Cuantitativas","url":"https:\/\/ricovictor.com\/","logo":{"@type":"ImageObject","inLanguage":"es","@id":"https:\/\/ricovictor.com\/#\/schema\/logo\/image\/","url":"https:\/\/ricovictor.com\/wp-content\/uploads\/2026\/02\/cropped-ChatGPT-Image-4-feb-2026-12_41_28.png","contentUrl":"https:\/\/ricovictor.com\/wp-content\/uploads\/2026\/02\/cropped-ChatGPT-Image-4-feb-2026-12_41_28.png","width":1402,"height":474,"caption":"V\u00edctor A. Rico \u2014 Econometr\u00eda y Finanzas Cuantitativas"},"image":{"@id":"https:\/\/ricovictor.com\/#\/schema\/logo\/image\/"}},{"@type":"Person","@id":"https:\/\/ricovictor.com\/#\/schema\/person\/8308bc6672d70b508fd1b7df3f026aef","name":"Claudio Mendez","image":{"@type":"ImageObject","inLanguage":"es","@id":"https:\/\/ricovictor.com\/#\/schema\/person\/image\/","url":"https:\/\/secure.gravatar.com\/avatar\/430fdf9748581cfc0aabb88e477c205c?s=96&d=mm&r=g","contentUrl":"https:\/\/secure.gravatar.com\/avatar\/430fdf9748581cfc0aabb88e477c205c?s=96&d=mm&r=g","caption":"Claudio Mendez"},"description":"Licenciado en econom\u00eda por la Universidad de El Salvador, trabajo actualmente en an\u00e1lisis de inversiones locales para el sector privado y soy egresado de la Maestr\u00eda en Desarrollo Territorial.","url":"https:\/\/ricovictor.com\/index.php\/author\/claudio-mendez\/"}]}},"post_mailing_queue_ids":[],"_links":{"self":[{"href":"https:\/\/ricovictor.com\/index.php\/wp-json\/wp\/v2\/posts\/1251"}],"collection":[{"href":"https:\/\/ricovictor.com\/index.php\/wp-json\/wp\/v2\/posts"}],"about":[{"href":"https:\/\/ricovictor.com\/index.php\/wp-json\/wp\/v2\/types\/post"}],"author":[{"embeddable":true,"href":"https:\/\/ricovictor.com\/index.php\/wp-json\/wp\/v2\/users\/8"}],"replies":[{"embeddable":true,"href":"https:\/\/ricovictor.com\/index.php\/wp-json\/wp\/v2\/comments?post=1251"}],"version-history":[{"count":30,"href":"https:\/\/ricovictor.com\/index.php\/wp-json\/wp\/v2\/posts\/1251\/revisions"}],"predecessor-version":[{"id":1297,"href":"https:\/\/ricovictor.com\/index.php\/wp-json\/wp\/v2\/posts\/1251\/revisions\/1297"}],"wp:featuredmedia":[{"embeddable":true,"href":"https:\/\/ricovictor.com\/index.php\/wp-json\/wp\/v2\/media\/1281"}],"wp:attachment":[{"href":"https:\/\/ricovictor.com\/index.php\/wp-json\/wp\/v2\/media?parent=1251"}],"wp:term":[{"taxonomy":"category","embeddable":true,"href":"https:\/\/ricovictor.com\/index.php\/wp-json\/wp\/v2\/categories?post=1251"},{"taxonomy":"post_tag","embeddable":true,"href":"https:\/\/ricovictor.com\/index.php\/wp-json\/wp\/v2\/tags?post=1251"}],"curies":[{"name":"wp","href":"https:\/\/api.w.org\/{rel}","templated":true}]}}