{"id":1435,"date":"2020-12-07T04:55:30","date_gmt":"2020-12-07T04:55:30","guid":{"rendered":"https:\/\/ricovictor.com\/?p=1435"},"modified":"2026-01-29T21:58:37","modified_gmt":"2026-01-29T21:58:37","slug":"migraciones-y-violencia-hacia-la-mujer","status":"publish","type":"post","link":"https:\/\/ricovictor.com\/index.php\/2020\/12\/07\/migraciones-y-violencia-hacia-la-mujer\/","title":{"rendered":"Migraciones y violencia hacia la mujer"},"content":{"rendered":"\t\t<div data-elementor-type=\"wp-post\" data-elementor-id=\"1435\" class=\"elementor elementor-1435\">\n\t\t\t\t\t\t\t\t\t<section class=\"elementor-section elementor-top-section elementor-element elementor-element-510cdf83 elementor-section-boxed elementor-section-height-default elementor-section-height-default\" data-id=\"510cdf83\" data-element_type=\"section\">\n\t\t\t\t\t\t<div class=\"elementor-container elementor-column-gap-default\">\n\t\t\t\t\t<div class=\"elementor-column elementor-col-100 elementor-top-column elementor-element elementor-element-1de6cb89\" data-id=\"1de6cb89\" data-element_type=\"column\">\n\t\t\t<div class=\"elementor-widget-wrap elementor-element-populated\">\n\t\t\t\t\t\t\t\t<div class=\"elementor-element elementor-element-2a77a390 elementor-widget elementor-widget-text-editor\" data-id=\"2a77a390\" data-element_type=\"widget\" data-widget_type=\"text-editor.default\">\n\t\t\t\t<div class=\"elementor-widget-container\">\n\t\t\t\t\t\t\t<p><!-- wp:paragraph --><\/p>\n<h4>En Nicaragua antes de la actual crisis sanitaria el flujo de emigrantes tanto permanente como los que se mueven por un trabajo temporal hacia el extranjero era alto a\u00f1o con a\u00f1o, debido a las pocas opciones de empleo que existen en el pa\u00eds y el panorama sombr\u00edo que presentan las proyecciones de las fuentes oficiales como la de los economistas independientes. Para el a\u00f1o 2019, <strong>el n\u00famero total de emigrantes era de 682,865 personas que hab\u00edan salido fuera del pa\u00eds, lo que representaba el 10.56% del total de la poblaci\u00f3n nacional, de ellos al menos el 53.74% eran mujeres (366,996) y el 46.25% eran varones<\/strong> de acuerdo con los datos de la fuente consultada (Demacro.com).<\/h4>\n<div>\u00a0<\/div>\n<h4>Los destinos como todos sabemos son <strong>Estados Unidos (44.35%), Costa Rica (43.43%), Espa\u00f1a (3.80%), Panam\u00e1 (2.01%) y Canad\u00e1 (1.54%)<\/strong>. Para escoger el pa\u00eds de destino es necesario contar con un capital que cubra los gastos asociados con el transporte, alimentaci\u00f3n y el alquiler de apartamento en el pa\u00eds de destino, esto es uno de los principales indicadores al momento de elegir las opciones. A lo largo de los a\u00f1os por uno u otro motivo las poblaciones son obligadas a cruzar las fronteras y aventurarse por algo nuevo; <strong>nuevas oportunidades laborales, de estudio o simplemente placer<\/strong> y es por tal motivo que el n\u00famero de personas que sale fuera de Nicaragua es mucho mayor a\u00f1o con a\u00f1o al no existir suficientes ofertas laborales y salarios que cubran las expectativas de los habitantes.<\/h4>\n<h4>\u00a0<\/h4>\n<h4>Solo entre 2000 y 2005 el flujo de migrantes se mantiene bajo, es incre\u00edble como <strong>entre 2005 y 2010, la brecha entre hombres y mujeres haya pasado de 16,276 hasta los 35,116 casos de mujeres por encima del n\u00famero de varones que tuvieron que salir del pa\u00eds<\/strong>. De forma general se puede observar un incremento del n\u00famero de personas que salieron fuera del pa\u00eds del 39.86%, sin embargo este n\u00famero manifiesta un incremento del 42.59% de mujeres en los 5 a\u00f1os analizados, por lo tanto, nos dice que el incremento general tambi\u00e9n se debe a que m\u00e1s mujeres tomaron la opci\u00f3n de ir por una mejor oportunidad de vida fuera de Nicaragua.<\/h4>\n<p><!-- \/wp:paragraph --><!-- wp:paragraph --><\/p>\n<p><!-- \/wp:paragraph --><!-- wp:paragraph --><\/p>\n<p><!-- \/wp:paragraph --><!-- wp:paragraph --><\/p>\n<p><!-- \/wp:paragraph --><!-- wp:paragraph --><\/p>\n<h4>Sin embargo, al hacer un zoom sobre los datos, nos encontramos otro fen\u00f3meno que merece ser llevado a la mesa de trabajo de los legisladores y de las pol\u00edticas p\u00fablicas, es el tema referido a la brecha migratoria entre hombres y mujeres, porque este ejercicio nos hace ver que hay m\u00e1s mujeres que varones saliendo hacia el extranjero.<\/h4>\n<p>\u00a0<\/p>\n<p><!-- \/wp:paragraph --><!-- wp:image {\"id\":1436,\"sizeSlug\":\"large\"} --><\/p>\n<figure class=\"wp-block-image size-large\"><img loading=\"lazy\" decoding=\"async\" width=\"598\" height=\"408\" class=\"wp-image-1436 aligncenter\" src=\"https:\/\/ricovictor.com\/wp-content\/uploads\/2020\/12\/image-1.png\" alt=\"\" srcset=\"https:\/\/ricovictor.com\/wp-content\/uploads\/2020\/12\/image-1.png 598w, https:\/\/ricovictor.com\/wp-content\/uploads\/2020\/12\/image-1-300x205.png 300w\" sizes=\"(max-width: 598px) 100vw, 598px\" \/><\/figure>\n<p><!-- \/wp:image --><!-- wp:paragraph --><\/p>\n<h4>\u00a0<\/h4>\n<h4>\u00a0<\/h4>\n<p><!-- \/wp:paragraph --><\/p>\t\t\t\t\t\t<\/div>\n\t\t\t\t<\/div>\n\t\t\t\t\t<\/div>\n\t\t<\/div>\n\t\t\t\t\t\t\t<\/div>\n\t\t<\/section>\n\t\t\t\t<section class=\"elementor-section elementor-top-section elementor-element elementor-element-1002845 elementor-section-boxed elementor-section-height-default elementor-section-height-default\" data-id=\"1002845\" data-element_type=\"section\">\n\t\t\t\t\t\t<div class=\"elementor-container elementor-column-gap-default\">\n\t\t\t\t\t<div class=\"elementor-column elementor-col-100 elementor-top-column elementor-element elementor-element-5720ade6\" data-id=\"5720ade6\" data-element_type=\"column\">\n\t\t\t<div class=\"elementor-widget-wrap elementor-element-populated\">\n\t\t\t\t\t\t\t\t<div class=\"elementor-element elementor-element-f33fb00 elementor-widget elementor-widget-text-editor\" data-id=\"f33fb00\" data-element_type=\"widget\" data-widget_type=\"text-editor.default\">\n\t\t\t\t<div class=\"elementor-widget-container\">\n\t\t\t\t\t\t\t<h4>Oscar Castro Soto en su libro sobre <strong>Mujeres transmigrantes<\/strong>, dice que \u201c<strong>La feminizaci\u00f3n de la migraci\u00f3n no se refiere s\u00f3lo a un aumento contundente de la participaci\u00f3n de las mujeres en la migraci\u00f3n<\/strong>, sino a su participaci\u00f3n en los movimientos poblacionales de manera aut\u00f3noma. En efecto hay cada vez m\u00e1s mujeres que migran por un proyecto propio, ya sea que tengan o no tengan pareja. Mientras, por otro lado, se ha comenzado a reconocer la participaci\u00f3n de las mujeres en la esfera econ\u00f3mica, no s\u00f3lo como dependientas o parte de un grupo familiar sino como migrantes econ\u00f3micas\u201d.<\/h4>\n<p><!-- \/wp:paragraph --><!-- wp:paragraph --><\/p>\n<h4>Son muchas las situaciones que se ponen de manifiesto al analizar el gr\u00e1fico y leer al autor, pudiendo sugerir que existe un mercado laboral que demanda mujeres en el mercado internacional y por el cual <b>recibir\u00e1n un salario mejor que el que se le puede ofrecer en su pa\u00eds de origen. <\/b><b>Que siguen existiendo desigualdades de oportunidades laborales para mujeres en el pa\u00eds y que las existentes ofrecen un salario indigno de acuerdo con su preparaci\u00f3n<\/b>, por lo tanto esa b\u00fasqueda en el mercado internacional se convierte en un proyecto propio.<\/h4>\n<p>\u00a0<\/p>\n<h4>En en el caso de que sea una pareja la que viva en el hogar, el hombre cuanta con un empleo fijo y muchas veces la mujer es obligada por \u00e9ste para buscar un empleo dentro del pa\u00eds que en el caso de no encontrarlo tiene que decidir irse fuera, muchas veces influenciada por sus familiares y amigos ante los insuficientes recursos econ\u00f3micos para cubrir los gastos del hogar.\u00a0 <strong>Y en el peor de los casos las mismas mujeres son obligadas a huir por razones de violencia dom\u00e9stica<\/strong> y <strong>sexual<\/strong> sufrida dentro de su hogar y que <strong>muchas veces termina como un caso m\u00e1s de femicidio<\/strong>, por lo tanto, el emigrar es una opci\u00f3n para mantener su derecho a la vida el cual se le niega en su propio hogar y en su propia patria.<\/h4>\n<p><!-- \/wp:paragraph --><!-- wp:image {\"id\":1437,\"sizeSlug\":\"large\"} --><\/p>\n<p><!-- \/wp:image --><!-- wp:paragraph --><\/p>\n<h4>\u00a0<\/h4>\n<p><!-- \/wp:paragraph --><!-- wp:image {\"id\":1438,\"sizeSlug\":\"large\"} --><\/p>\n<figure class=\"wp-block-image size-large\"><\/figure>\n<p><!-- \/wp:image --><!-- wp:paragraph --><\/p>\n<h4>\u00a0<\/h4>\t\t\t\t\t\t<\/div>\n\t\t\t\t<\/div>\n\t\t\t\t\t<\/div>\n\t\t<\/div>\n\t\t\t\t\t\t\t<\/div>\n\t\t<\/section>\n\t\t\t\t<section class=\"elementor-section elementor-top-section elementor-element elementor-element-d224eab elementor-section-boxed elementor-section-height-default elementor-section-height-default\" data-id=\"d224eab\" data-element_type=\"section\">\n\t\t\t\t\t\t<div class=\"elementor-container elementor-column-gap-default\">\n\t\t\t\t\t<div class=\"elementor-column elementor-col-100 elementor-top-column elementor-element elementor-element-f9a21b9\" data-id=\"f9a21b9\" data-element_type=\"column\">\n\t\t\t<div class=\"elementor-widget-wrap elementor-element-populated\">\n\t\t\t\t\t\t\t\t<div class=\"elementor-element elementor-element-6945168 elementor-widget elementor-widget-image\" data-id=\"6945168\" data-element_type=\"widget\" data-widget_type=\"image.default\">\n\t\t\t\t<div class=\"elementor-widget-container\">\n\t\t\t\t\t\t\t\t\t\t\t\t\t\t\t<img loading=\"lazy\" decoding=\"async\" width=\"457\" height=\"270\" src=\"https:\/\/ricovictor.com\/wp-content\/uploads\/2020\/12\/Articulo-4.png\" class=\"attachment-medium_large size-medium_large wp-image-1437\" alt=\"\" srcset=\"https:\/\/ricovictor.com\/wp-content\/uploads\/2020\/12\/Articulo-4.png 457w, https:\/\/ricovictor.com\/wp-content\/uploads\/2020\/12\/Articulo-4-300x177.png 300w\" sizes=\"(max-width: 457px) 100vw, 457px\" \/>\t\t\t\t\t\t\t\t\t\t\t\t\t\t\t<\/div>\n\t\t\t\t<\/div>\n\t\t\t\t\t<\/div>\n\t\t<\/div>\n\t\t\t\t\t\t\t<\/div>\n\t\t<\/section>\n\t\t\t\t<section class=\"elementor-section elementor-top-section elementor-element elementor-element-5f72439 elementor-section-boxed elementor-section-height-default elementor-section-height-default\" data-id=\"5f72439\" data-element_type=\"section\">\n\t\t\t\t\t\t<div class=\"elementor-container elementor-column-gap-default\">\n\t\t\t\t\t<div class=\"elementor-column elementor-col-100 elementor-top-column elementor-element elementor-element-ef3bbd6\" data-id=\"ef3bbd6\" data-element_type=\"column\">\n\t\t\t<div class=\"elementor-widget-wrap elementor-element-populated\">\n\t\t\t\t\t\t\t\t<div class=\"elementor-element elementor-element-61af38c elementor-widget elementor-widget-text-editor\" data-id=\"61af38c\" data-element_type=\"widget\" data-widget_type=\"text-editor.default\">\n\t\t\t\t<div class=\"elementor-widget-container\">\n\t\t\t\t\t\t\t<h4>\u00a0<\/h4>\n<h4><strong>Las pol\u00edticas p\u00fablicas hacia la mujer se han quedado reducidas a charlas sobre g\u00e9nero y programas que apoyan el di\u00e1logo en la comunidad<\/strong>, sin embargo, se han cerrado y luego reabierto las comisar\u00edas de la mujer a oficinas, y no existe una pol\u00edtica de empleo que asegure la creaci\u00f3n de nuevas fuentes de empleo para la mujer en el casco urbano y ya ni se diga en el sector rural en donde la violencia se convierte en un hu\u00e9sped con el que conviven las cientos de mujeres que no tienen otro empleo que el de realizar las labores dom\u00e9sticas sin recibir retribuci\u00f3n econ\u00f3mica mensual y que su recepci\u00f3n de dinero se relega a ser una intermediaria financiera entre su pareja que aporta y las obligaciones que se contraen el hogar.<\/h4>\t\t\t\t\t\t<\/div>\n\t\t\t\t<\/div>\n\t\t\t\t\t<\/div>\n\t\t<\/div>\n\t\t\t\t\t\t\t<\/div>\n\t\t<\/section>\n\t\t\t\t\t\t\t<\/div>\n\t\t","protected":false},"excerpt":{"rendered":"<p>En Nicaragua antes de la actual crisis sanitaria el flujo de emigrantes tanto permanente como los que se mueven por un trabajo temporal hacia el extranjero era alto a\u00f1o con a\u00f1o, debido a las pocas opciones de empleo que existen en el pa\u00eds y el panorama sombr\u00edo que presentan las proyecciones de las fuentes oficiales &hellip;<\/p>\n<p class=\"read-more\"> <a class=\"\" href=\"https:\/\/ricovictor.com\/index.php\/2020\/12\/07\/migraciones-y-violencia-hacia-la-mujer\/\"> <span class=\"screen-reader-text\">Migraciones y violencia hacia la mujer<\/span> Leer m\u00e1s &raquo;<\/a><\/p>\n","protected":false},"author":9,"featured_media":1468,"comment_status":"open","ping_status":"open","sticky":false,"template":"","format":"standard","meta":{"site-sidebar-layout":"default","site-content-layout":"","ast-site-content-layout":"","site-content-style":"default","site-sidebar-style":"default","ast-global-header-display":"","ast-banner-title-visibility":"","ast-main-header-display":"","ast-hfb-above-header-display":"","ast-hfb-below-header-display":"","ast-hfb-mobile-header-display":"","site-post-title":"","ast-breadcrumbs-content":"","ast-featured-img":"","footer-sml-layout":"","theme-transparent-header-meta":"","adv-header-id-meta":"","stick-header-meta":"","header-above-stick-meta":"","header-main-stick-meta":"","header-below-stick-meta":"","astra-migrate-meta-layouts":"","ast-page-background-enabled":"default","ast-page-background-meta":{"desktop":{"background-color":"var(--ast-global-color-4)","background-image":"","background-repeat":"repeat","background-position":"center center","background-size":"auto","background-attachment":"scroll","background-type":"","background-media":"","overlay-type":"","overlay-color":"","overlay-gradient":""},"tablet":{"background-color":"","background-image":"","background-repeat":"repeat","background-position":"center center","background-size":"auto","background-attachment":"scroll","background-type":"","background-media":"","overlay-type":"","overlay-color":"","overlay-gradient":""},"mobile":{"background-color":"","background-image":"","background-repeat":"repeat","background-position":"center center","background-size":"auto","background-attachment":"scroll","background-type":"","background-media":"","overlay-type":"","overlay-color":"","overlay-gradient":""}},"ast-content-background-meta":{"desktop":{"background-color":"var(--ast-global-color-5)","background-image":"","background-repeat":"repeat","background-position":"center center","background-size":"auto","background-attachment":"scroll","background-type":"","background-media":"","overlay-type":"","overlay-color":"","overlay-gradient":""},"tablet":{"background-color":"var(--ast-global-color-5)","background-image":"","background-repeat":"repeat","background-position":"center center","background-size":"auto","background-attachment":"scroll","background-type":"","background-media":"","overlay-type":"","overlay-color":"","overlay-gradient":""},"mobile":{"background-color":"var(--ast-global-color-5)","background-image":"","background-repeat":"repeat","background-position":"center center","background-size":"auto","background-attachment":"scroll","background-type":"","background-media":"","overlay-type":"","overlay-color":"","overlay-gradient":""}},"footnotes":""},"categories":[86],"tags":[],"yoast_head":"<!-- This site is optimized with the Yoast SEO plugin v21.6 - https:\/\/yoast.com\/wordpress\/plugins\/seo\/ -->\n<title>Migraciones y violencia hacia la mujer - V\u00edctor A. Rico \u2014 Econometr\u00eda y Finanzas Cuantitativas<\/title>\n<meta name=\"robots\" content=\"index, follow, max-snippet:-1, max-image-preview:large, max-video-preview:-1\" \/>\n<link rel=\"canonical\" href=\"https:\/\/ricovictor.com\/index.php\/2020\/12\/07\/migraciones-y-violencia-hacia-la-mujer\/\" \/>\n<meta property=\"og:locale\" content=\"es_ES\" \/>\n<meta property=\"og:type\" content=\"article\" \/>\n<meta property=\"og:title\" content=\"Migraciones y violencia hacia la mujer - V\u00edctor A. Rico \u2014 Econometr\u00eda y Finanzas Cuantitativas\" \/>\n<meta property=\"og:description\" content=\"En Nicaragua antes de la actual crisis sanitaria el flujo de emigrantes tanto permanente como los que se mueven por un trabajo temporal hacia el extranjero era alto a\u00f1o con a\u00f1o, debido a las pocas opciones de empleo que existen en el pa\u00eds y el panorama sombr\u00edo que presentan las proyecciones de las fuentes oficiales &hellip; Migraciones y violencia hacia la mujer Leer m\u00e1s &raquo;\" \/>\n<meta property=\"og:url\" content=\"https:\/\/ricovictor.com\/index.php\/2020\/12\/07\/migraciones-y-violencia-hacia-la-mujer\/\" \/>\n<meta property=\"og:site_name\" content=\"V\u00edctor A. Rico \u2014 Econometr\u00eda y Finanzas Cuantitativas\" \/>\n<meta property=\"article:published_time\" content=\"2020-12-07T04:55:30+00:00\" \/>\n<meta property=\"article:modified_time\" content=\"2026-01-29T21:58:37+00:00\" \/>\n<meta property=\"og:image\" content=\"https:\/\/ricovictor.com\/wp-content\/uploads\/2020\/12\/rope-2322774_640.jpg\" \/>\n\t<meta property=\"og:image:width\" content=\"426\" \/>\n\t<meta property=\"og:image:height\" content=\"640\" \/>\n\t<meta property=\"og:image:type\" content=\"image\/jpeg\" \/>\n<meta name=\"author\" content=\"Augusto Valle\" \/>\n<meta name=\"twitter:card\" content=\"summary_large_image\" \/>\n<meta name=\"twitter:label1\" content=\"Escrito por\" \/>\n\t<meta name=\"twitter:data1\" content=\"Augusto Valle\" \/>\n\t<meta name=\"twitter:label2\" content=\"Tiempo de lectura\" \/>\n\t<meta name=\"twitter:data2\" content=\"5 minutos\" \/>\n<script type=\"application\/ld+json\" class=\"yoast-schema-graph\">{\"@context\":\"https:\/\/schema.org\",\"@graph\":[{\"@type\":\"Article\",\"@id\":\"https:\/\/ricovictor.com\/index.php\/2020\/12\/07\/migraciones-y-violencia-hacia-la-mujer\/#article\",\"isPartOf\":{\"@id\":\"https:\/\/ricovictor.com\/index.php\/2020\/12\/07\/migraciones-y-violencia-hacia-la-mujer\/\"},\"author\":{\"name\":\"Augusto Valle\",\"@id\":\"https:\/\/ricovictor.com\/#\/schema\/person\/b4e5f2181e96897c2186e699d0dd1c9c\"},\"headline\":\"Migraciones y violencia hacia la mujer\",\"datePublished\":\"2020-12-07T04:55:30+00:00\",\"dateModified\":\"2026-01-29T21:58:37+00:00\",\"mainEntityOfPage\":{\"@id\":\"https:\/\/ricovictor.com\/index.php\/2020\/12\/07\/migraciones-y-violencia-hacia-la-mujer\/\"},\"wordCount\":922,\"commentCount\":0,\"publisher\":{\"@id\":\"https:\/\/ricovictor.com\/#organization\"},\"articleSection\":[\"Econom\u00eda\"],\"inLanguage\":\"es\",\"potentialAction\":[{\"@type\":\"CommentAction\",\"name\":\"Comment\",\"target\":[\"https:\/\/ricovictor.com\/index.php\/2020\/12\/07\/migraciones-y-violencia-hacia-la-mujer\/#respond\"]}]},{\"@type\":\"WebPage\",\"@id\":\"https:\/\/ricovictor.com\/index.php\/2020\/12\/07\/migraciones-y-violencia-hacia-la-mujer\/\",\"url\":\"https:\/\/ricovictor.com\/index.php\/2020\/12\/07\/migraciones-y-violencia-hacia-la-mujer\/\",\"name\":\"Migraciones y violencia hacia la mujer - V\u00edctor A. Rico \u2014 Econometr\u00eda y Finanzas Cuantitativas\",\"isPartOf\":{\"@id\":\"https:\/\/ricovictor.com\/#website\"},\"datePublished\":\"2020-12-07T04:55:30+00:00\",\"dateModified\":\"2026-01-29T21:58:37+00:00\",\"breadcrumb\":{\"@id\":\"https:\/\/ricovictor.com\/index.php\/2020\/12\/07\/migraciones-y-violencia-hacia-la-mujer\/#breadcrumb\"},\"inLanguage\":\"es\",\"potentialAction\":[{\"@type\":\"ReadAction\",\"target\":[\"https:\/\/ricovictor.com\/index.php\/2020\/12\/07\/migraciones-y-violencia-hacia-la-mujer\/\"]}]},{\"@type\":\"BreadcrumbList\",\"@id\":\"https:\/\/ricovictor.com\/index.php\/2020\/12\/07\/migraciones-y-violencia-hacia-la-mujer\/#breadcrumb\",\"itemListElement\":[{\"@type\":\"ListItem\",\"position\":1,\"name\":\"Portada\",\"item\":\"https:\/\/ricovictor.com\/\"},{\"@type\":\"ListItem\",\"position\":2,\"name\":\"Migraciones y violencia hacia la mujer\"}]},{\"@type\":\"WebSite\",\"@id\":\"https:\/\/ricovictor.com\/#website\",\"url\":\"https:\/\/ricovictor.com\/\",\"name\":\"V\u00edctor A. Rico \u2014 Econometr\u00eda y Finanzas Cuantitativas\",\"description\":\"\",\"publisher\":{\"@id\":\"https:\/\/ricovictor.com\/#organization\"},\"potentialAction\":[{\"@type\":\"SearchAction\",\"target\":{\"@type\":\"EntryPoint\",\"urlTemplate\":\"https:\/\/ricovictor.com\/?s={search_term_string}\"},\"query-input\":\"required name=search_term_string\"}],\"inLanguage\":\"es\"},{\"@type\":\"Organization\",\"@id\":\"https:\/\/ricovictor.com\/#organization\",\"name\":\"V\u00edctor A. Rico \u2014 Econometr\u00eda y Finanzas Cuantitativas\",\"url\":\"https:\/\/ricovictor.com\/\",\"logo\":{\"@type\":\"ImageObject\",\"inLanguage\":\"es\",\"@id\":\"https:\/\/ricovictor.com\/#\/schema\/logo\/image\/\",\"url\":\"https:\/\/ricovictor.com\/wp-content\/uploads\/2026\/02\/cropped-ChatGPT-Image-4-feb-2026-12_41_28.png\",\"contentUrl\":\"https:\/\/ricovictor.com\/wp-content\/uploads\/2026\/02\/cropped-ChatGPT-Image-4-feb-2026-12_41_28.png\",\"width\":1402,\"height\":474,\"caption\":\"V\u00edctor A. Rico \u2014 Econometr\u00eda y Finanzas Cuantitativas\"},\"image\":{\"@id\":\"https:\/\/ricovictor.com\/#\/schema\/logo\/image\/\"}},{\"@type\":\"Person\",\"@id\":\"https:\/\/ricovictor.com\/#\/schema\/person\/b4e5f2181e96897c2186e699d0dd1c9c\",\"name\":\"Augusto Valle\",\"image\":{\"@type\":\"ImageObject\",\"inLanguage\":\"es\",\"@id\":\"https:\/\/ricovictor.com\/#\/schema\/person\/image\/\",\"url\":\"https:\/\/secure.gravatar.com\/avatar\/e794a05b5e74eaead4c2021cc2fd0ed7?s=96&d=mm&r=g\",\"contentUrl\":\"https:\/\/secure.gravatar.com\/avatar\/e794a05b5e74eaead4c2021cc2fd0ed7?s=96&d=mm&r=g\",\"caption\":\"Augusto Valle\"},\"description\":\"Economista con posgrado en Gerencia financiera | Docente de An\u00e1lisis socioecon\u00f3mico | Consultor Senior en Proyectos educativos y sociales | Certificado como Defensor de los Derechos Humanos en Protecci\u00f3n a la Infancia\",\"url\":\"https:\/\/ricovictor.com\/index.php\/author\/abel-valle\/\"}]}<\/script>\n<!-- \/ Yoast SEO plugin. -->","yoast_head_json":{"title":"Migraciones y violencia hacia la mujer - V\u00edctor A. Rico \u2014 Econometr\u00eda y Finanzas Cuantitativas","robots":{"index":"index","follow":"follow","max-snippet":"max-snippet:-1","max-image-preview":"max-image-preview:large","max-video-preview":"max-video-preview:-1"},"canonical":"https:\/\/ricovictor.com\/index.php\/2020\/12\/07\/migraciones-y-violencia-hacia-la-mujer\/","og_locale":"es_ES","og_type":"article","og_title":"Migraciones y violencia hacia la mujer - V\u00edctor A. Rico \u2014 Econometr\u00eda y Finanzas Cuantitativas","og_description":"En Nicaragua antes de la actual crisis sanitaria el flujo de emigrantes tanto permanente como los que se mueven por un trabajo temporal hacia el extranjero era alto a\u00f1o con a\u00f1o, debido a las pocas opciones de empleo que existen en el pa\u00eds y el panorama sombr\u00edo que presentan las proyecciones de las fuentes oficiales &hellip; Migraciones y violencia hacia la mujer Leer m\u00e1s &raquo;","og_url":"https:\/\/ricovictor.com\/index.php\/2020\/12\/07\/migraciones-y-violencia-hacia-la-mujer\/","og_site_name":"V\u00edctor A. Rico \u2014 Econometr\u00eda y Finanzas Cuantitativas","article_published_time":"2020-12-07T04:55:30+00:00","article_modified_time":"2026-01-29T21:58:37+00:00","og_image":[{"width":426,"height":640,"url":"https:\/\/ricovictor.com\/wp-content\/uploads\/2020\/12\/rope-2322774_640.jpg","type":"image\/jpeg"}],"author":"Augusto Valle","twitter_card":"summary_large_image","twitter_misc":{"Escrito por":"Augusto Valle","Tiempo de lectura":"5 minutos"},"schema":{"@context":"https:\/\/schema.org","@graph":[{"@type":"Article","@id":"https:\/\/ricovictor.com\/index.php\/2020\/12\/07\/migraciones-y-violencia-hacia-la-mujer\/#article","isPartOf":{"@id":"https:\/\/ricovictor.com\/index.php\/2020\/12\/07\/migraciones-y-violencia-hacia-la-mujer\/"},"author":{"name":"Augusto Valle","@id":"https:\/\/ricovictor.com\/#\/schema\/person\/b4e5f2181e96897c2186e699d0dd1c9c"},"headline":"Migraciones y violencia hacia la mujer","datePublished":"2020-12-07T04:55:30+00:00","dateModified":"2026-01-29T21:58:37+00:00","mainEntityOfPage":{"@id":"https:\/\/ricovictor.com\/index.php\/2020\/12\/07\/migraciones-y-violencia-hacia-la-mujer\/"},"wordCount":922,"commentCount":0,"publisher":{"@id":"https:\/\/ricovictor.com\/#organization"},"articleSection":["Econom\u00eda"],"inLanguage":"es","potentialAction":[{"@type":"CommentAction","name":"Comment","target":["https:\/\/ricovictor.com\/index.php\/2020\/12\/07\/migraciones-y-violencia-hacia-la-mujer\/#respond"]}]},{"@type":"WebPage","@id":"https:\/\/ricovictor.com\/index.php\/2020\/12\/07\/migraciones-y-violencia-hacia-la-mujer\/","url":"https:\/\/ricovictor.com\/index.php\/2020\/12\/07\/migraciones-y-violencia-hacia-la-mujer\/","name":"Migraciones y violencia hacia la mujer - V\u00edctor A. Rico \u2014 Econometr\u00eda y Finanzas Cuantitativas","isPartOf":{"@id":"https:\/\/ricovictor.com\/#website"},"datePublished":"2020-12-07T04:55:30+00:00","dateModified":"2026-01-29T21:58:37+00:00","breadcrumb":{"@id":"https:\/\/ricovictor.com\/index.php\/2020\/12\/07\/migraciones-y-violencia-hacia-la-mujer\/#breadcrumb"},"inLanguage":"es","potentialAction":[{"@type":"ReadAction","target":["https:\/\/ricovictor.com\/index.php\/2020\/12\/07\/migraciones-y-violencia-hacia-la-mujer\/"]}]},{"@type":"BreadcrumbList","@id":"https:\/\/ricovictor.com\/index.php\/2020\/12\/07\/migraciones-y-violencia-hacia-la-mujer\/#breadcrumb","itemListElement":[{"@type":"ListItem","position":1,"name":"Portada","item":"https:\/\/ricovictor.com\/"},{"@type":"ListItem","position":2,"name":"Migraciones y violencia hacia la mujer"}]},{"@type":"WebSite","@id":"https:\/\/ricovictor.com\/#website","url":"https:\/\/ricovictor.com\/","name":"V\u00edctor A. Rico \u2014 Econometr\u00eda y Finanzas Cuantitativas","description":"","publisher":{"@id":"https:\/\/ricovictor.com\/#organization"},"potentialAction":[{"@type":"SearchAction","target":{"@type":"EntryPoint","urlTemplate":"https:\/\/ricovictor.com\/?s={search_term_string}"},"query-input":"required name=search_term_string"}],"inLanguage":"es"},{"@type":"Organization","@id":"https:\/\/ricovictor.com\/#organization","name":"V\u00edctor A. Rico \u2014 Econometr\u00eda y Finanzas Cuantitativas","url":"https:\/\/ricovictor.com\/","logo":{"@type":"ImageObject","inLanguage":"es","@id":"https:\/\/ricovictor.com\/#\/schema\/logo\/image\/","url":"https:\/\/ricovictor.com\/wp-content\/uploads\/2026\/02\/cropped-ChatGPT-Image-4-feb-2026-12_41_28.png","contentUrl":"https:\/\/ricovictor.com\/wp-content\/uploads\/2026\/02\/cropped-ChatGPT-Image-4-feb-2026-12_41_28.png","width":1402,"height":474,"caption":"V\u00edctor A. Rico \u2014 Econometr\u00eda y Finanzas Cuantitativas"},"image":{"@id":"https:\/\/ricovictor.com\/#\/schema\/logo\/image\/"}},{"@type":"Person","@id":"https:\/\/ricovictor.com\/#\/schema\/person\/b4e5f2181e96897c2186e699d0dd1c9c","name":"Augusto Valle","image":{"@type":"ImageObject","inLanguage":"es","@id":"https:\/\/ricovictor.com\/#\/schema\/person\/image\/","url":"https:\/\/secure.gravatar.com\/avatar\/e794a05b5e74eaead4c2021cc2fd0ed7?s=96&d=mm&r=g","contentUrl":"https:\/\/secure.gravatar.com\/avatar\/e794a05b5e74eaead4c2021cc2fd0ed7?s=96&d=mm&r=g","caption":"Augusto Valle"},"description":"Economista con posgrado en Gerencia financiera | Docente de An\u00e1lisis socioecon\u00f3mico | Consultor Senior en Proyectos educativos y sociales | Certificado como Defensor de los Derechos Humanos en Protecci\u00f3n a la Infancia","url":"https:\/\/ricovictor.com\/index.php\/author\/abel-valle\/"}]}},"post_mailing_queue_ids":[],"_links":{"self":[{"href":"https:\/\/ricovictor.com\/index.php\/wp-json\/wp\/v2\/posts\/1435"}],"collection":[{"href":"https:\/\/ricovictor.com\/index.php\/wp-json\/wp\/v2\/posts"}],"about":[{"href":"https:\/\/ricovictor.com\/index.php\/wp-json\/wp\/v2\/types\/post"}],"author":[{"embeddable":true,"href":"https:\/\/ricovictor.com\/index.php\/wp-json\/wp\/v2\/users\/9"}],"replies":[{"embeddable":true,"href":"https:\/\/ricovictor.com\/index.php\/wp-json\/wp\/v2\/comments?post=1435"}],"version-history":[{"count":23,"href":"https:\/\/ricovictor.com\/index.php\/wp-json\/wp\/v2\/posts\/1435\/revisions"}],"predecessor-version":[{"id":1471,"href":"https:\/\/ricovictor.com\/index.php\/wp-json\/wp\/v2\/posts\/1435\/revisions\/1471"}],"wp:featuredmedia":[{"embeddable":true,"href":"https:\/\/ricovictor.com\/index.php\/wp-json\/wp\/v2\/media\/1468"}],"wp:attachment":[{"href":"https:\/\/ricovictor.com\/index.php\/wp-json\/wp\/v2\/media?parent=1435"}],"wp:term":[{"taxonomy":"category","embeddable":true,"href":"https:\/\/ricovictor.com\/index.php\/wp-json\/wp\/v2\/categories?post=1435"},{"taxonomy":"post_tag","embeddable":true,"href":"https:\/\/ricovictor.com\/index.php\/wp-json\/wp\/v2\/tags?post=1435"}],"curies":[{"name":"wp","href":"https:\/\/api.w.org\/{rel}","templated":true}]}}