{"id":1547,"date":"2020-12-14T18:13:20","date_gmt":"2020-12-14T18:13:20","guid":{"rendered":"https:\/\/ricovictor.com\/?p=1547"},"modified":"2026-01-29T21:57:28","modified_gmt":"2026-01-29T21:57:28","slug":"plan-de-jubilaciones-imss-en-mexico-quien-se-puede-jubilar-parte-3","status":"publish","type":"post","link":"https:\/\/ricovictor.com\/index.php\/2020\/12\/14\/plan-de-jubilaciones-imss-en-mexico-quien-se-puede-jubilar-parte-3\/","title":{"rendered":"Plan de Jubilaciones IMSS en M\u00e9xico. \u00bfQui\u00e9n se puede jubilar? Parte 3"},"content":{"rendered":"\t\t<div data-elementor-type=\"wp-post\" data-elementor-id=\"1547\" class=\"elementor elementor-1547\">\n\t\t\t\t\t\t\t\t\t<section class=\"elementor-section elementor-top-section elementor-element elementor-element-6b5d15ed elementor-section-boxed elementor-section-height-default elementor-section-height-default\" data-id=\"6b5d15ed\" data-element_type=\"section\">\n\t\t\t\t\t\t<div class=\"elementor-container elementor-column-gap-default\">\n\t\t\t\t\t<div class=\"elementor-column elementor-col-100 elementor-top-column elementor-element elementor-element-4f0b37c0\" data-id=\"4f0b37c0\" data-element_type=\"column\">\n\t\t\t<div class=\"elementor-widget-wrap elementor-element-populated\">\n\t\t\t\t\t\t\t\t<div class=\"elementor-element elementor-element-34b34e6 elementor-widget elementor-widget-text-editor\" data-id=\"34b34e6\" data-element_type=\"widget\" data-widget_type=\"text-editor.default\">\n\t\t\t\t<div class=\"elementor-widget-container\">\n\t\t\t\t\t\t\t<p>En dos post <a href=\"https:\/\/ricovictor.com\/index.php\/2020\/11\/23\/plan-de-jubilaciones-en-mexico-quien-se-puede-jubilar-parte-ii\/\">anteriores<\/a> habl\u00e9 sobre el plan de <strong>Jubilaciones en M\u00e9xico<\/strong> .En este tercer art\u00edculo veremos a detalle la ley 97 del IMSS y comenzamos haci\u00e9ndonos la siguiente pregunta:<\/p><p><strong>\u00bfQui\u00e9n tiene derecho a solicitar una pensi\u00f3n de retiro en el IMSS (Ley 97)?<\/strong><\/p><p>\u00a0<\/p><p>Requisitos para solicitar la pensi\u00f3n bajo la ley de 1993.<\/p><p>1. Haber comenzado a cotizar en el IMSS por primera vez despu\u00e9s del 01 julio de 1997.<br \/>2.Edad: A partir de los 60 a\u00f1os de edad.<br \/>3. Haber cotizado en el IMSS 1250 semanas como m\u00ednimo; en este punto, el d\u00eda 10\/12\/2020, se reformo la ley por lo que deber\u00e1s cotizar 1000 semanas como m\u00ednimo<br \/>4.Estar en el plazo de conservaci\u00f3n de derechos. (25% del tiempo total cotizado)<\/p>\t\t\t\t\t\t<\/div>\n\t\t\t\t<\/div>\n\t\t\t\t\t<\/div>\n\t\t<\/div>\n\t\t\t\t\t\t\t<\/div>\n\t\t<\/section>\n\t\t\t\t<section class=\"elementor-section elementor-top-section elementor-element elementor-element-1ddb0e1 elementor-section-boxed elementor-section-height-default elementor-section-height-default\" data-id=\"1ddb0e1\" data-element_type=\"section\">\n\t\t\t\t\t\t<div class=\"elementor-container elementor-column-gap-default\">\n\t\t\t\t\t<div class=\"elementor-column elementor-col-100 elementor-top-column elementor-element elementor-element-222e22a8\" data-id=\"222e22a8\" data-element_type=\"column\">\n\t\t\t<div class=\"elementor-widget-wrap elementor-element-populated\">\n\t\t\t\t\t\t\t\t<div class=\"elementor-element elementor-element-1693d8f2 elementor-widget elementor-widget-spacer\" data-id=\"1693d8f2\" data-element_type=\"widget\" data-widget_type=\"spacer.default\">\n\t\t\t\t<div class=\"elementor-widget-container\">\n\t\t\t\t\t<div class=\"elementor-spacer\">\n\t\t\t<div class=\"elementor-spacer-inner\"><\/div>\n\t\t<\/div>\n\t\t\t\t<\/div>\n\t\t\t\t<\/div>\n\t\t\t\t<div class=\"elementor-element elementor-element-4475bba7 elementor-drop-cap-yes elementor-drop-cap-view-default elementor-widget elementor-widget-text-editor\" data-id=\"4475bba7\" data-element_type=\"widget\" data-settings=\"{&quot;drop_cap&quot;:&quot;yes&quot;}\" data-widget_type=\"text-editor.default\">\n\t\t\t\t<div class=\"elementor-widget-container\">\n\t\t\t\t\t\t\t<h3><strong>Modalidades por las que te puedes pensionar por ley 97<\/strong><\/h3><p>\u00a0<\/p><p><strong><em>1.Renta Vitalicia: Donde la pensi\u00f3n la paga una aseguradora.<\/em><\/strong><\/p><p>Es una pensi\u00f3n de por vida que se contrata con una Aseguradora (el IMSS te<br \/>indicar\u00e1 qu\u00e9 Aseguradoras prestan este servicio).<\/p><p>Considera lo siguiente:<\/p><p>* El monto de tu pensi\u00f3n depender\u00e1 del saldo acumulado en tu Cuenta AFORE. Se actualizar\u00e1 anualmente de acuerdo a la inflaci\u00f3n.<\/p><p>* Al adquirir una renta vitalicia se te garantiza el pago de una pensi\u00f3n predeterminada de por vida (a cambio de recibir los recursos acumulados de la cuenta individual).<\/p><p>* Debes comprar un Seguro de Sobrevivencia que permitir\u00e1 a tus beneficiarios recibir una pensi\u00f3n a la muerte del pensionado.<\/p><p>* Importante: Podr\u00e1s retirarte de manera anticipada sin necesidad de cumplir las edades establecidas, si la pensi\u00f3n que se te calcule bajo la modalidad de Renta Vitalicia es superior en m\u00e1s del 30 por ciento de la pensi\u00f3n m\u00ednima garantizada. En caso de que exista alg\u00fan excedente de recursos, podr\u00e1s retirarlo en efectivo. La disposici\u00f3n de los recursos de la Cuenta AFORE, as\u00ed como de sus rendimientos estar\u00e1 exenta del pago de impuestos.<\/p><p><span style=\"text-decoration: underline;\"><em>Mas consideraciones para el c\u00e1lculo de la renta vitalicia.<\/em><\/span><\/p>\t\t\t\t\t\t<\/div>\n\t\t\t\t<\/div>\n\t\t\t\t\t<\/div>\n\t\t<\/div>\n\t\t\t\t\t\t\t<\/div>\n\t\t<\/section>\n\t\t\t\t<section class=\"elementor-section elementor-top-section elementor-element elementor-element-0ed293a elementor-section-boxed elementor-section-height-default elementor-section-height-default\" data-id=\"0ed293a\" data-element_type=\"section\">\n\t\t\t\t\t\t<div class=\"elementor-container elementor-column-gap-default\">\n\t\t\t\t\t<div class=\"elementor-column elementor-col-100 elementor-top-column elementor-element elementor-element-b9cb32b\" data-id=\"b9cb32b\" data-element_type=\"column\">\n\t\t\t<div class=\"elementor-widget-wrap elementor-element-populated\">\n\t\t\t\t\t\t\t\t<div class=\"elementor-element elementor-element-980a0c5 elementor-widget elementor-widget-image\" data-id=\"980a0c5\" data-element_type=\"widget\" data-widget_type=\"image.default\">\n\t\t\t\t<div class=\"elementor-widget-container\">\n\t\t\t\t\t\t\t\t\t\t\t\t\t\t\t<img loading=\"lazy\" decoding=\"async\" width=\"499\" height=\"237\" src=\"https:\/\/ricovictor.com\/wp-content\/uploads\/2020\/12\/jubilaciones_3_-1.png\" class=\"attachment-large size-large wp-image-1549\" alt=\"\" srcset=\"https:\/\/ricovictor.com\/wp-content\/uploads\/2020\/12\/jubilaciones_3_-1.png 499w, https:\/\/ricovictor.com\/wp-content\/uploads\/2020\/12\/jubilaciones_3_-1-300x142.png 300w\" sizes=\"(max-width: 499px) 100vw, 499px\" \/>\t\t\t\t\t\t\t\t\t\t\t\t\t\t\t<\/div>\n\t\t\t\t<\/div>\n\t\t\t\t\t<\/div>\n\t\t<\/div>\n\t\t\t\t\t\t\t<\/div>\n\t\t<\/section>\n\t\t\t\t<section class=\"elementor-section elementor-top-section elementor-element elementor-element-22377f1 elementor-section-boxed elementor-section-height-default elementor-section-height-default\" data-id=\"22377f1\" data-element_type=\"section\">\n\t\t\t\t\t\t<div class=\"elementor-container elementor-column-gap-default\">\n\t\t\t\t\t<div class=\"elementor-column elementor-col-100 elementor-top-column elementor-element elementor-element-7d8f629\" data-id=\"7d8f629\" data-element_type=\"column\">\n\t\t\t<div class=\"elementor-widget-wrap elementor-element-populated\">\n\t\t\t\t\t\t\t\t<div class=\"elementor-element elementor-element-a13421f elementor-drop-cap-yes elementor-drop-cap-view-default elementor-widget elementor-widget-text-editor\" data-id=\"a13421f\" data-element_type=\"widget\" data-settings=\"{&quot;drop_cap&quot;:&quot;yes&quot;}\" data-widget_type=\"text-editor.default\">\n\t\t\t\t<div class=\"elementor-widget-container\">\n\t\t\t\t\t\t\t<p>\u00a0<\/p><p><span style=\"text-decoration: underline;\"><em>Lo malo de la Renta vitalicia<\/em><\/span><\/p><p><strong>No hay vuelta atr\u00e1s<\/strong>.<\/p><p>* El monto total de recursos que el trabajador acumul\u00f3 durante su vida laboral en una AFORE ser\u00e1n cedidos completamente a la entidad aseguradora y \u00e9sta los administrar\u00e1 para efectuar el pago de pensi\u00f3n. En caso de fallecimiento prematuro del pensionado no se podr\u00e1 retirar el saldo restante en la cuenta.<\/p><p>* Una vez que el trabajador realice la selecci\u00f3n de la aseguradora que pagar\u00e1 su RV, el monto de la pensi\u00f3n estar\u00e1 indexado al \u00cdndice Nacional de Precios al Consumidor (INPC) con lo que se garantiza que no haya p\u00e9rdida de poder adquisitivo; sin embargo, en escenarios de excelentes rendimientos reales generados, la pensi\u00f3n no podr\u00e1 gozar de incrementos m\u00e1s all\u00e1 de la inflaci\u00f3n.<\/p><p>\u00a0<\/p><p><em><span style=\"text-decoration: underline;\">Consideraciones finales:<\/span><\/em><\/p><p>\u00a0<\/p><p>*Ofrece al trabajador importantes beneficios: cobertura para \u00e9l y sus beneficiarios, certidumbre, protecci\u00f3n contra la inflaci\u00f3n y contra el riesgo de vivir m\u00e1s de lo esperado.<\/p><p>* Los ahorradores deben estar plenamente conscientes de que dichos beneficios conllevan un costo, que resulta inevitable absorber a la hora de contratar una Renta Vitalicia.<\/p><p>* La contrataci\u00f3n de una Renta Vitalicia es una decisi\u00f3n irreversible, lo que obliga a los pensionados a tomar una selecci\u00f3n adecuada e informada sobre qu\u00e9 Aseguradora le brinda mayores beneficios, de acuerdo con sus intereses personales.<\/p><p>\u00a0<\/p><p><span style=\"text-decoration: underline;\"><em>\u00bfQu\u00e9 pasos debes seguir para realizar este retiro por Renta Vitalicia?<\/em><\/span><\/p><p>\u00a0<\/p><p>*Acude a cualquier sucursal de tu AFORE y presenta los documentos antes mencionados.<\/p><p>* Tu AFORE llenar\u00e1 tu Pre-solicitud de pensi\u00f3n y te otorgar\u00e1 un folio.<\/p><p>* Acude a la Subdelegaci\u00f3n del IMSS que te corresponda y presenta tu folio. El IMSS te entregar\u00e1 el \u201cDocumento de Oferta\u201d con informaci\u00f3n relevante para elegir la Aseguradora que pagar\u00e1 tu pensi\u00f3n. No todas son iguales, escoge la Aseguradora que te pague M\u00c1S por tu pensi\u00f3n. Este Documento lo llenar\u00e1 el IMSS dependiendo de lo que t\u00fa elijas.<\/p><p>* Una vez entregado tu folio ante el IMSS deber\u00e1s esperar a la resoluci\u00f3n.<\/p><p>* Cuando el IMSS te entregue la resoluci\u00f3n deber\u00e1s acudir a tu AFORE para que \u00e9sta inicie con el pago de tu pensi\u00f3n.<br \/>Retiro<\/p>\t\t\t\t\t\t<\/div>\n\t\t\t\t<\/div>\n\t\t\t\t<div class=\"elementor-element elementor-element-5cbcf2c elementor-view-framed elementor-shape-circle elementor-widget elementor-widget-icon\" data-id=\"5cbcf2c\" data-element_type=\"widget\" data-widget_type=\"icon.default\">\n\t\t\t\t<div class=\"elementor-widget-container\">\n\t\t\t\t\t<div class=\"elementor-icon-wrapper\">\n\t\t\t<div class=\"elementor-icon\">\n\t\t\t<i aria-hidden=\"true\" class=\"far fa-handshake\"><\/i>\t\t\t<\/div>\n\t\t<\/div>\n\t\t\t\t<\/div>\n\t\t\t\t<\/div>\n\t\t\t\t\t<\/div>\n\t\t<\/div>\n\t\t\t\t\t\t\t<\/div>\n\t\t<\/section>\n\t\t\t\t<section class=\"elementor-section elementor-top-section elementor-element elementor-element-a70153d elementor-section-boxed elementor-section-height-default elementor-section-height-default\" data-id=\"a70153d\" data-element_type=\"section\">\n\t\t\t\t\t\t<div class=\"elementor-container elementor-column-gap-default\">\n\t\t\t\t\t<div class=\"elementor-column elementor-col-100 elementor-top-column elementor-element elementor-element-8d9a557\" data-id=\"8d9a557\" data-element_type=\"column\">\n\t\t\t<div class=\"elementor-widget-wrap elementor-element-populated\">\n\t\t\t\t\t\t\t\t<div class=\"elementor-element elementor-element-eecda03 elementor-drop-cap-yes elementor-drop-cap-view-default elementor-widget elementor-widget-text-editor\" data-id=\"eecda03\" data-element_type=\"widget\" data-settings=\"{&quot;drop_cap&quot;:&quot;yes&quot;}\" data-widget_type=\"text-editor.default\">\n\t\t\t\t<div class=\"elementor-widget-container\">\n\t\t\t\t\t\t\t<p><strong>2.Retiro Programado: Donde la pensi\u00f3n la paga tu AFORE.<\/strong><\/p><p>\u00a0<\/p><p>Es una pensi\u00f3n que se contrata con la AFORE en la que est\u00e1s registrado. El monto de la pensi\u00f3n depender\u00e1 del saldo acumulado en tu cuenta AFORE, de los rendimientos que se obtengan y de la esperanza de vida que te calculen.<\/p><p><br \/><span style=\"text-decoration: underline;\">Considera lo siguiente<\/span>:<\/p><p><br \/>* A diferencia de una Renta Vitalicia que te paga una pensi\u00f3n de por vida, la de Retiro Programado la recibes hasta que se agoten los recursos de tu cuenta AFORE.<\/p><p><br \/>* Debes comprar un Seguro de Sobrevivencia que les permitir\u00e1 a tus beneficiarios recibir una pensi\u00f3n en caso de tu fallecimiento.<\/p><p>\u00a0<\/p><p><span style=\"text-decoration: underline;\"><em>Diferencia entre una Renta Vitalicia y un Retiro Programado<\/em><\/span><\/p><p>\u00a0<\/p>\t\t\t\t\t\t<\/div>\n\t\t\t\t<\/div>\n\t\t\t\t\t<\/div>\n\t\t<\/div>\n\t\t\t\t\t\t\t<\/div>\n\t\t<\/section>\n\t\t\t\t<section class=\"elementor-section elementor-top-section elementor-element elementor-element-d8e856c elementor-section-boxed elementor-section-height-default elementor-section-height-default\" data-id=\"d8e856c\" data-element_type=\"section\">\n\t\t\t\t\t\t<div class=\"elementor-container elementor-column-gap-default\">\n\t\t\t\t\t<div class=\"elementor-column elementor-col-100 elementor-top-column elementor-element elementor-element-6c2e2ad\" data-id=\"6c2e2ad\" data-element_type=\"column\">\n\t\t\t<div class=\"elementor-widget-wrap elementor-element-populated\">\n\t\t\t\t\t\t\t\t<div class=\"elementor-element elementor-element-0aec577 elementor-widget elementor-widget-image\" data-id=\"0aec577\" data-element_type=\"widget\" data-widget_type=\"image.default\">\n\t\t\t\t<div class=\"elementor-widget-container\">\n\t\t\t\t\t\t\t\t\t\t\t\t\t\t\t<img loading=\"lazy\" decoding=\"async\" width=\"705\" height=\"508\" src=\"https:\/\/ricovictor.com\/wp-content\/uploads\/2020\/12\/jubilaciones_3_-2.png\" class=\"attachment-medium_large size-medium_large wp-image-1565\" alt=\"\" srcset=\"https:\/\/ricovictor.com\/wp-content\/uploads\/2020\/12\/jubilaciones_3_-2.png 705w, https:\/\/ricovictor.com\/wp-content\/uploads\/2020\/12\/jubilaciones_3_-2-300x216.png 300w\" sizes=\"(max-width: 705px) 100vw, 705px\" \/>\t\t\t\t\t\t\t\t\t\t\t\t\t\t\t<\/div>\n\t\t\t\t<\/div>\n\t\t\t\t\t<\/div>\n\t\t<\/div>\n\t\t\t\t\t\t\t<\/div>\n\t\t<\/section>\n\t\t\t\t<section class=\"elementor-section elementor-top-section elementor-element elementor-element-d27ddec elementor-section-boxed elementor-section-height-default elementor-section-height-default\" data-id=\"d27ddec\" data-element_type=\"section\">\n\t\t\t\t\t\t<div class=\"elementor-container elementor-column-gap-default\">\n\t\t\t\t\t<div class=\"elementor-column elementor-col-100 elementor-top-column elementor-element elementor-element-25ac052\" data-id=\"25ac052\" data-element_type=\"column\">\n\t\t\t<div class=\"elementor-widget-wrap elementor-element-populated\">\n\t\t\t\t\t\t\t\t<div class=\"elementor-element elementor-element-f5c8740 elementor-drop-cap-yes elementor-drop-cap-view-default elementor-widget elementor-widget-text-editor\" data-id=\"f5c8740\" data-element_type=\"widget\" data-settings=\"{&quot;drop_cap&quot;:&quot;yes&quot;}\" data-widget_type=\"text-editor.default\">\n\t\t\t\t<div class=\"elementor-widget-container\">\n\t\t\t\t\t\t\t<p>\u00a0<\/p><p><span style=\"text-decoration: underline;\"><em>\u00bfQu\u00e9 pasos debes seguir para realizar el retiro Programado?<\/em><\/span><\/p><p><br \/>* Acude a cualquier sucursal de tu AFORE, ah\u00ed deber\u00e1s entregar los documentos antes mencionados.<\/p><p><br \/>* Tu AFORE llenar\u00e1 tu Pre-solicitud de pensi\u00f3n y te otorgar\u00e1 un folio.<\/p><p><br \/>* Acude a la Subdelegaci\u00f3n del IMSS que te corresponda y presenta tu folio.<\/p><p><br \/>* Una vez entregado tu folio ante el IMSS deber\u00e1s esperar a la resoluci\u00f3n.<\/p><p><br \/>*Cuando el IMSS te entregue la resoluci\u00f3n deber\u00e1s acudir a tu AFORE para que esta inicie con el pago de tu pensi\u00f3n.<\/p>\t\t\t\t\t\t<\/div>\n\t\t\t\t<\/div>\n\t\t\t\t\t<\/div>\n\t\t<\/div>\n\t\t\t\t\t\t\t<\/div>\n\t\t<\/section>\n\t\t\t\t<section class=\"elementor-section elementor-top-section elementor-element elementor-element-54213f0 elementor-section-boxed elementor-section-height-default elementor-section-height-default\" data-id=\"54213f0\" data-element_type=\"section\">\n\t\t\t\t\t\t<div class=\"elementor-container elementor-column-gap-default\">\n\t\t\t\t\t<div class=\"elementor-column elementor-col-100 elementor-top-column elementor-element elementor-element-11a0f56\" data-id=\"11a0f56\" data-element_type=\"column\">\n\t\t\t<div class=\"elementor-widget-wrap elementor-element-populated\">\n\t\t\t\t\t\t\t\t<div class=\"elementor-element elementor-element-984bd1b elementor-widget elementor-widget-spacer\" data-id=\"984bd1b\" data-element_type=\"widget\" data-widget_type=\"spacer.default\">\n\t\t\t\t<div class=\"elementor-widget-container\">\n\t\t\t\t\t<div class=\"elementor-spacer\">\n\t\t\t<div class=\"elementor-spacer-inner\"><\/div>\n\t\t<\/div>\n\t\t\t\t<\/div>\n\t\t\t\t<\/div>\n\t\t\t\t<div class=\"elementor-element elementor-element-82ec958 elementor-drop-cap-yes elementor-drop-cap-view-default elementor-widget elementor-widget-text-editor\" data-id=\"82ec958\" data-element_type=\"widget\" data-settings=\"{&quot;drop_cap&quot;:&quot;yes&quot;}\" data-widget_type=\"text-editor.default\">\n\t\t\t\t<div class=\"elementor-widget-container\">\n\t\t\t\t\t\t\t<p><strong>3.Pensi\u00f3n M\u00ednima Garantizada: Donde el Gobierno Federal paga la pensi\u00f3n.<\/strong><\/p><p>Es un complemento de pensi\u00f3n que se otorga a las personas que cumplan con los requisitos de la edad (60 \u2013 65 a\u00f1os cumplidos) y 1,250 (1000, seg\u00fan la nueva reforma 2020) semanas cotizadas, pero que los recursos de su cuenta AFORE no le alcancen para contratar una Renta Vitalicia o un Retiro Programado. Esta Pensi\u00f3n Garantizada ser\u00e1 equivalente a un salario m\u00ednimo, actualizado con la inflaci\u00f3n cada a\u00f1o.<\/p><p><strong>\u00bfQu\u00e9 recursos te entregan en la pensi\u00f3n por r\u00e9gimen de 97?<\/strong><\/p><p>\u00a0<\/p>\t\t\t\t\t\t<\/div>\n\t\t\t\t<\/div>\n\t\t\t\t\t<\/div>\n\t\t<\/div>\n\t\t\t\t\t\t\t<\/div>\n\t\t<\/section>\n\t\t\t\t<section class=\"elementor-section elementor-top-section elementor-element elementor-element-b4fc724 elementor-section-boxed elementor-section-height-default elementor-section-height-default\" data-id=\"b4fc724\" data-element_type=\"section\">\n\t\t\t\t\t\t<div class=\"elementor-container elementor-column-gap-default\">\n\t\t\t\t\t<div class=\"elementor-column elementor-col-100 elementor-top-column elementor-element elementor-element-c38bd70\" data-id=\"c38bd70\" data-element_type=\"column\">\n\t\t\t<div class=\"elementor-widget-wrap elementor-element-populated\">\n\t\t\t\t\t\t\t\t<div class=\"elementor-element elementor-element-bf0ab9e elementor-widget elementor-widget-image\" data-id=\"bf0ab9e\" data-element_type=\"widget\" data-widget_type=\"image.default\">\n\t\t\t\t<div class=\"elementor-widget-container\">\n\t\t\t\t\t\t\t\t\t\t\t\t\t\t\t<img loading=\"lazy\" decoding=\"async\" width=\"703\" height=\"397\" src=\"https:\/\/ricovictor.com\/wp-content\/uploads\/2020\/12\/jubilaciones_3_-3.png\" class=\"attachment-medium_large size-medium_large wp-image-1566\" alt=\"\" srcset=\"https:\/\/ricovictor.com\/wp-content\/uploads\/2020\/12\/jubilaciones_3_-3.png 703w, https:\/\/ricovictor.com\/wp-content\/uploads\/2020\/12\/jubilaciones_3_-3-300x169.png 300w\" sizes=\"(max-width: 703px) 100vw, 703px\" \/>\t\t\t\t\t\t\t\t\t\t\t\t\t\t\t<\/div>\n\t\t\t\t<\/div>\n\t\t\t\t\t<\/div>\n\t\t<\/div>\n\t\t\t\t\t\t\t<\/div>\n\t\t<\/section>\n\t\t\t\t<section class=\"elementor-section elementor-top-section elementor-element elementor-element-168f699 elementor-section-boxed elementor-section-height-default elementor-section-height-default\" data-id=\"168f699\" data-element_type=\"section\">\n\t\t\t\t\t\t<div class=\"elementor-container elementor-column-gap-default\">\n\t\t\t\t\t<div class=\"elementor-column elementor-col-100 elementor-top-column elementor-element elementor-element-bbcf10a\" data-id=\"bbcf10a\" data-element_type=\"column\">\n\t\t\t<div class=\"elementor-widget-wrap elementor-element-populated\">\n\t\t\t\t\t\t\t\t<div class=\"elementor-element elementor-element-0affe94 elementor-drop-cap-yes elementor-drop-cap-view-default elementor-widget elementor-widget-text-editor\" data-id=\"0affe94\" data-element_type=\"widget\" data-settings=\"{&quot;drop_cap&quot;:&quot;yes&quot;}\" data-widget_type=\"text-editor.default\">\n\t\t\t\t<div class=\"elementor-widget-container\">\n\t\t\t\t\t\t\t<p><strong>Importante: Si tienes recursos SAR IMSS 92 y SAR INFONAVIT 92 te los entregar\u00e1n hasta que cumplas 65 a\u00f1os de edad.<\/strong><\/p><p>\u00a0<\/p><p><span style=\"text-decoration: underline;\"><em>\u00bfQu\u00e9 pasa si no cumples con los requisitos para obtener una pensi\u00f3n? (Negativa de pensi\u00f3n).<\/em><\/span><\/p><p><br \/>Si acudes al IMSS, y \u00e9ste te otorga una Negativa de Pensi\u00f3n por no cumplir con los requisitos establecidos en la Ley del Seguro Social (1,250 semanas cotizadas), tu AFORE te entregar\u00e1 en efectivo los recursos de tu cuenta.<br \/>Requisitos:<\/p><p><br \/>a.Tener recursos en tu cuenta AFORE.<\/p><p><br \/>b. Tener 60 a\u00f1os cumplidos.<\/p><p><br \/>c.Tener tu Expediente de Identificaci\u00f3n de Trabajador actualizado (gen\u00e9ralo en tu AFORE) tu AORE te entregar\u00e1 en efectivo los recursos de tu cuenta.<\/p><p><br \/><strong>Calculadora de pensi\u00f3n por afores<\/strong><\/p><p><br \/>http:\/\/www.consar.gob.mx\/gobmx\/Aplicativo\/calculadora\/imss\/CalculadoraIMSS.aspx<\/p><p>Necesitas.<\/p><p><br \/>1. Salario base de cotizaci\u00f3n mensual.<br \/>2. Saldo actual en tu AFORE<br \/>3.Fecha de nacimiento.<br \/>4. A\u00f1o de afiliaci\u00f3n.<br \/>5. A\u00f1os cotizados.<br \/>6. Con que afore estas.<\/p><p><br \/>Recuerda evaluar con que monto de pensi\u00f3n te quieres jubilar y que existen otros productos bancarios que te pueden ayudar a llegar al monto de pensi\u00f3n que quieres tener.<\/p>\t\t\t\t\t\t<\/div>\n\t\t\t\t<\/div>\n\t\t\t\t\t<\/div>\n\t\t<\/div>\n\t\t\t\t\t\t\t<\/div>\n\t\t<\/section>\n\t\t\t\t\t\t\t<\/div>\n\t\t","protected":false},"excerpt":{"rendered":"<p>En dos post anteriores habl\u00e9 sobre el plan de Jubilaciones en M\u00e9xico .En este tercer art\u00edculo veremos a detalle la ley 97 del IMSS y comenzamos haci\u00e9ndonos la siguiente pregunta: \u00bfQui\u00e9n tiene derecho a solicitar una pensi\u00f3n de retiro en el IMSS (Ley 97)? \u00a0 Requisitos para solicitar la pensi\u00f3n bajo la ley de 1993. &hellip;<\/p>\n<p class=\"read-more\"> <a class=\"\" href=\"https:\/\/ricovictor.com\/index.php\/2020\/12\/14\/plan-de-jubilaciones-imss-en-mexico-quien-se-puede-jubilar-parte-3\/\"> <span class=\"screen-reader-text\">Plan de Jubilaciones IMSS en M\u00e9xico. \u00bfQui\u00e9n se puede jubilar? Parte 3<\/span> Leer m\u00e1s &raquo;<\/a><\/p>\n","protected":false},"author":4,"featured_media":1576,"comment_status":"open","ping_status":"open","sticky":false,"template":"","format":"standard","meta":{"site-sidebar-layout":"default","site-content-layout":"","ast-site-content-layout":"","site-content-style":"default","site-sidebar-style":"default","ast-global-header-display":"","ast-banner-title-visibility":"","ast-main-header-display":"","ast-hfb-above-header-display":"","ast-hfb-below-header-display":"","ast-hfb-mobile-header-display":"","site-post-title":"","ast-breadcrumbs-content":"","ast-featured-img":"","footer-sml-layout":"","theme-transparent-header-meta":"","adv-header-id-meta":"","stick-header-meta":"","header-above-stick-meta":"","header-main-stick-meta":"","header-below-stick-meta":"","astra-migrate-meta-layouts":"","ast-page-background-enabled":"default","ast-page-background-meta":{"desktop":{"background-color":"var(--ast-global-color-4)","background-image":"","background-repeat":"repeat","background-position":"center center","background-size":"auto","background-attachment":"scroll","background-type":"","background-media":"","overlay-type":"","overlay-color":"","overlay-gradient":""},"tablet":{"background-color":"","background-image":"","background-repeat":"repeat","background-position":"center center","background-size":"auto","background-attachment":"scroll","background-type":"","background-media":"","overlay-type":"","overlay-color":"","overlay-gradient":""},"mobile":{"background-color":"","background-image":"","background-repeat":"repeat","background-position":"center center","background-size":"auto","background-attachment":"scroll","background-type":"","background-media":"","overlay-type":"","overlay-color":"","overlay-gradient":""}},"ast-content-background-meta":{"desktop":{"background-color":"var(--ast-global-color-5)","background-image":"","background-repeat":"repeat","background-position":"center center","background-size":"auto","background-attachment":"scroll","background-type":"","background-media":"","overlay-type":"","overlay-color":"","overlay-gradient":""},"tablet":{"background-color":"var(--ast-global-color-5)","background-image":"","background-repeat":"repeat","background-position":"center center","background-size":"auto","background-attachment":"scroll","background-type":"","background-media":"","overlay-type":"","overlay-color":"","overlay-gradient":""},"mobile":{"background-color":"var(--ast-global-color-5)","background-image":"","background-repeat":"repeat","background-position":"center center","background-size":"auto","background-attachment":"scroll","background-type":"","background-media":"","overlay-type":"","overlay-color":"","overlay-gradient":""}},"footnotes":""},"categories":[86],"tags":[],"yoast_head":"<!-- This site is optimized with the Yoast SEO plugin v21.6 - https:\/\/yoast.com\/wordpress\/plugins\/seo\/ -->\n<title>Plan de Jubilaciones IMSS en M\u00e9xico. \u00bfQui\u00e9n se puede jubilar? Parte 3 - V\u00edctor A. Rico \u2014 Econometr\u00eda y Finanzas Cuantitativas<\/title>\n<meta name=\"robots\" content=\"index, follow, max-snippet:-1, max-image-preview:large, max-video-preview:-1\" \/>\n<link rel=\"canonical\" href=\"https:\/\/ricovictor.com\/index.php\/2020\/12\/14\/plan-de-jubilaciones-imss-en-mexico-quien-se-puede-jubilar-parte-3\/\" \/>\n<meta property=\"og:locale\" content=\"es_ES\" \/>\n<meta property=\"og:type\" content=\"article\" \/>\n<meta property=\"og:title\" content=\"Plan de Jubilaciones IMSS en M\u00e9xico. \u00bfQui\u00e9n se puede jubilar? Parte 3 - V\u00edctor A. Rico \u2014 Econometr\u00eda y Finanzas Cuantitativas\" \/>\n<meta property=\"og:description\" content=\"En dos post anteriores habl\u00e9 sobre el plan de Jubilaciones en M\u00e9xico .En este tercer art\u00edculo veremos a detalle la ley 97 del IMSS y comenzamos haci\u00e9ndonos la siguiente pregunta: \u00bfQui\u00e9n tiene derecho a solicitar una pensi\u00f3n de retiro en el IMSS (Ley 97)? \u00a0 Requisitos para solicitar la pensi\u00f3n bajo la ley de 1993. &hellip; Plan de Jubilaciones IMSS en M\u00e9xico. \u00bfQui\u00e9n se puede jubilar? Parte 3 Leer m\u00e1s &raquo;\" \/>\n<meta property=\"og:url\" content=\"https:\/\/ricovictor.com\/index.php\/2020\/12\/14\/plan-de-jubilaciones-imss-en-mexico-quien-se-puede-jubilar-parte-3\/\" \/>\n<meta property=\"og:site_name\" content=\"V\u00edctor A. Rico \u2014 Econometr\u00eda y Finanzas Cuantitativas\" \/>\n<meta property=\"article:published_time\" content=\"2020-12-14T18:13:20+00:00\" \/>\n<meta property=\"article:modified_time\" content=\"2026-01-29T21:57:28+00:00\" \/>\n<meta property=\"og:image\" content=\"https:\/\/ricovictor.com\/wp-content\/uploads\/2020\/12\/pier-569314_640.jpg\" \/>\n\t<meta property=\"og:image:width\" content=\"640\" \/>\n\t<meta property=\"og:image:height\" content=\"426\" \/>\n\t<meta property=\"og:image:type\" content=\"image\/jpeg\" \/>\n<meta name=\"author\" content=\"Alma Alvarado\" \/>\n<meta name=\"twitter:card\" content=\"summary_large_image\" \/>\n<meta name=\"twitter:label1\" content=\"Escrito por\" \/>\n\t<meta name=\"twitter:data1\" content=\"Alma Alvarado\" \/>\n\t<meta name=\"twitter:label2\" content=\"Tiempo de lectura\" \/>\n\t<meta name=\"twitter:data2\" content=\"6 minutos\" \/>\n<script type=\"application\/ld+json\" class=\"yoast-schema-graph\">{\"@context\":\"https:\/\/schema.org\",\"@graph\":[{\"@type\":\"Article\",\"@id\":\"https:\/\/ricovictor.com\/index.php\/2020\/12\/14\/plan-de-jubilaciones-imss-en-mexico-quien-se-puede-jubilar-parte-3\/#article\",\"isPartOf\":{\"@id\":\"https:\/\/ricovictor.com\/index.php\/2020\/12\/14\/plan-de-jubilaciones-imss-en-mexico-quien-se-puede-jubilar-parte-3\/\"},\"author\":{\"name\":\"Alma Alvarado\",\"@id\":\"https:\/\/ricovictor.com\/#\/schema\/person\/edc179936bbcf9eaab0a2228fe8c97fa\"},\"headline\":\"Plan de Jubilaciones IMSS en M\u00e9xico. \u00bfQui\u00e9n se puede jubilar? Parte 3\",\"datePublished\":\"2020-12-14T18:13:20+00:00\",\"dateModified\":\"2026-01-29T21:57:28+00:00\",\"mainEntityOfPage\":{\"@id\":\"https:\/\/ricovictor.com\/index.php\/2020\/12\/14\/plan-de-jubilaciones-imss-en-mexico-quien-se-puede-jubilar-parte-3\/\"},\"wordCount\":1203,\"commentCount\":0,\"publisher\":{\"@id\":\"https:\/\/ricovictor.com\/#organization\"},\"articleSection\":[\"Econom\u00eda\"],\"inLanguage\":\"es\",\"potentialAction\":[{\"@type\":\"CommentAction\",\"name\":\"Comment\",\"target\":[\"https:\/\/ricovictor.com\/index.php\/2020\/12\/14\/plan-de-jubilaciones-imss-en-mexico-quien-se-puede-jubilar-parte-3\/#respond\"]}]},{\"@type\":\"WebPage\",\"@id\":\"https:\/\/ricovictor.com\/index.php\/2020\/12\/14\/plan-de-jubilaciones-imss-en-mexico-quien-se-puede-jubilar-parte-3\/\",\"url\":\"https:\/\/ricovictor.com\/index.php\/2020\/12\/14\/plan-de-jubilaciones-imss-en-mexico-quien-se-puede-jubilar-parte-3\/\",\"name\":\"Plan de Jubilaciones IMSS en M\u00e9xico. \u00bfQui\u00e9n se puede jubilar? Parte 3 - V\u00edctor A. Rico \u2014 Econometr\u00eda y Finanzas Cuantitativas\",\"isPartOf\":{\"@id\":\"https:\/\/ricovictor.com\/#website\"},\"datePublished\":\"2020-12-14T18:13:20+00:00\",\"dateModified\":\"2026-01-29T21:57:28+00:00\",\"breadcrumb\":{\"@id\":\"https:\/\/ricovictor.com\/index.php\/2020\/12\/14\/plan-de-jubilaciones-imss-en-mexico-quien-se-puede-jubilar-parte-3\/#breadcrumb\"},\"inLanguage\":\"es\",\"potentialAction\":[{\"@type\":\"ReadAction\",\"target\":[\"https:\/\/ricovictor.com\/index.php\/2020\/12\/14\/plan-de-jubilaciones-imss-en-mexico-quien-se-puede-jubilar-parte-3\/\"]}]},{\"@type\":\"BreadcrumbList\",\"@id\":\"https:\/\/ricovictor.com\/index.php\/2020\/12\/14\/plan-de-jubilaciones-imss-en-mexico-quien-se-puede-jubilar-parte-3\/#breadcrumb\",\"itemListElement\":[{\"@type\":\"ListItem\",\"position\":1,\"name\":\"Portada\",\"item\":\"https:\/\/ricovictor.com\/\"},{\"@type\":\"ListItem\",\"position\":2,\"name\":\"Plan de Jubilaciones IMSS en M\u00e9xico. \u00bfQui\u00e9n se puede jubilar? Parte 3\"}]},{\"@type\":\"WebSite\",\"@id\":\"https:\/\/ricovictor.com\/#website\",\"url\":\"https:\/\/ricovictor.com\/\",\"name\":\"V\u00edctor A. Rico \u2014 Econometr\u00eda y Finanzas Cuantitativas\",\"description\":\"\",\"publisher\":{\"@id\":\"https:\/\/ricovictor.com\/#organization\"},\"potentialAction\":[{\"@type\":\"SearchAction\",\"target\":{\"@type\":\"EntryPoint\",\"urlTemplate\":\"https:\/\/ricovictor.com\/?s={search_term_string}\"},\"query-input\":\"required name=search_term_string\"}],\"inLanguage\":\"es\"},{\"@type\":\"Organization\",\"@id\":\"https:\/\/ricovictor.com\/#organization\",\"name\":\"V\u00edctor A. Rico \u2014 Econometr\u00eda y Finanzas Cuantitativas\",\"url\":\"https:\/\/ricovictor.com\/\",\"logo\":{\"@type\":\"ImageObject\",\"inLanguage\":\"es\",\"@id\":\"https:\/\/ricovictor.com\/#\/schema\/logo\/image\/\",\"url\":\"https:\/\/ricovictor.com\/wp-content\/uploads\/2026\/02\/cropped-ChatGPT-Image-4-feb-2026-12_41_28.png\",\"contentUrl\":\"https:\/\/ricovictor.com\/wp-content\/uploads\/2026\/02\/cropped-ChatGPT-Image-4-feb-2026-12_41_28.png\",\"width\":1402,\"height\":474,\"caption\":\"V\u00edctor A. Rico \u2014 Econometr\u00eda y Finanzas Cuantitativas\"},\"image\":{\"@id\":\"https:\/\/ricovictor.com\/#\/schema\/logo\/image\/\"}},{\"@type\":\"Person\",\"@id\":\"https:\/\/ricovictor.com\/#\/schema\/person\/edc179936bbcf9eaab0a2228fe8c97fa\",\"name\":\"Alma Alvarado\",\"image\":{\"@type\":\"ImageObject\",\"inLanguage\":\"es\",\"@id\":\"https:\/\/ricovictor.com\/#\/schema\/person\/image\/\",\"url\":\"https:\/\/secure.gravatar.com\/avatar\/7b9d1119b4a4e78578e990a0d7bc942c?s=96&d=mm&r=g\",\"contentUrl\":\"https:\/\/secure.gravatar.com\/avatar\/7b9d1119b4a4e78578e990a0d7bc942c?s=96&d=mm&r=g\",\"caption\":\"Alma Alvarado\"},\"description\":\"Economista titulada de la UAM, estudiante de desarrollo de software de UnADM, Diplomado en ciencia de datos con Phyton en UACM- scidata, Diplomado en arquitectura y administraci\u00f3n de bases de datos con SQL en UACM-scidata, trabaje en analisis de riesgos y fraudes para Banamex, asesora en jubilaciones IMSS, docente de matem\u00e1ticas, matem\u00e1ticas financieras y econom\u00eda para escuela privada.\",\"url\":\"https:\/\/ricovictor.com\/index.php\/author\/alma-alvarado\/\"}]}<\/script>\n<!-- \/ Yoast SEO plugin. -->","yoast_head_json":{"title":"Plan de Jubilaciones IMSS en M\u00e9xico. \u00bfQui\u00e9n se puede jubilar? Parte 3 - V\u00edctor A. Rico \u2014 Econometr\u00eda y Finanzas Cuantitativas","robots":{"index":"index","follow":"follow","max-snippet":"max-snippet:-1","max-image-preview":"max-image-preview:large","max-video-preview":"max-video-preview:-1"},"canonical":"https:\/\/ricovictor.com\/index.php\/2020\/12\/14\/plan-de-jubilaciones-imss-en-mexico-quien-se-puede-jubilar-parte-3\/","og_locale":"es_ES","og_type":"article","og_title":"Plan de Jubilaciones IMSS en M\u00e9xico. \u00bfQui\u00e9n se puede jubilar? Parte 3 - V\u00edctor A. Rico \u2014 Econometr\u00eda y Finanzas Cuantitativas","og_description":"En dos post anteriores habl\u00e9 sobre el plan de Jubilaciones en M\u00e9xico .En este tercer art\u00edculo veremos a detalle la ley 97 del IMSS y comenzamos haci\u00e9ndonos la siguiente pregunta: \u00bfQui\u00e9n tiene derecho a solicitar una pensi\u00f3n de retiro en el IMSS (Ley 97)? \u00a0 Requisitos para solicitar la pensi\u00f3n bajo la ley de 1993. &hellip; Plan de Jubilaciones IMSS en M\u00e9xico. \u00bfQui\u00e9n se puede jubilar? Parte 3 Leer m\u00e1s &raquo;","og_url":"https:\/\/ricovictor.com\/index.php\/2020\/12\/14\/plan-de-jubilaciones-imss-en-mexico-quien-se-puede-jubilar-parte-3\/","og_site_name":"V\u00edctor A. Rico \u2014 Econometr\u00eda y Finanzas Cuantitativas","article_published_time":"2020-12-14T18:13:20+00:00","article_modified_time":"2026-01-29T21:57:28+00:00","og_image":[{"width":640,"height":426,"url":"https:\/\/ricovictor.com\/wp-content\/uploads\/2020\/12\/pier-569314_640.jpg","type":"image\/jpeg"}],"author":"Alma Alvarado","twitter_card":"summary_large_image","twitter_misc":{"Escrito por":"Alma Alvarado","Tiempo de lectura":"6 minutos"},"schema":{"@context":"https:\/\/schema.org","@graph":[{"@type":"Article","@id":"https:\/\/ricovictor.com\/index.php\/2020\/12\/14\/plan-de-jubilaciones-imss-en-mexico-quien-se-puede-jubilar-parte-3\/#article","isPartOf":{"@id":"https:\/\/ricovictor.com\/index.php\/2020\/12\/14\/plan-de-jubilaciones-imss-en-mexico-quien-se-puede-jubilar-parte-3\/"},"author":{"name":"Alma Alvarado","@id":"https:\/\/ricovictor.com\/#\/schema\/person\/edc179936bbcf9eaab0a2228fe8c97fa"},"headline":"Plan de Jubilaciones IMSS en M\u00e9xico. \u00bfQui\u00e9n se puede jubilar? Parte 3","datePublished":"2020-12-14T18:13:20+00:00","dateModified":"2026-01-29T21:57:28+00:00","mainEntityOfPage":{"@id":"https:\/\/ricovictor.com\/index.php\/2020\/12\/14\/plan-de-jubilaciones-imss-en-mexico-quien-se-puede-jubilar-parte-3\/"},"wordCount":1203,"commentCount":0,"publisher":{"@id":"https:\/\/ricovictor.com\/#organization"},"articleSection":["Econom\u00eda"],"inLanguage":"es","potentialAction":[{"@type":"CommentAction","name":"Comment","target":["https:\/\/ricovictor.com\/index.php\/2020\/12\/14\/plan-de-jubilaciones-imss-en-mexico-quien-se-puede-jubilar-parte-3\/#respond"]}]},{"@type":"WebPage","@id":"https:\/\/ricovictor.com\/index.php\/2020\/12\/14\/plan-de-jubilaciones-imss-en-mexico-quien-se-puede-jubilar-parte-3\/","url":"https:\/\/ricovictor.com\/index.php\/2020\/12\/14\/plan-de-jubilaciones-imss-en-mexico-quien-se-puede-jubilar-parte-3\/","name":"Plan de Jubilaciones IMSS en M\u00e9xico. \u00bfQui\u00e9n se puede jubilar? Parte 3 - V\u00edctor A. Rico \u2014 Econometr\u00eda y Finanzas Cuantitativas","isPartOf":{"@id":"https:\/\/ricovictor.com\/#website"},"datePublished":"2020-12-14T18:13:20+00:00","dateModified":"2026-01-29T21:57:28+00:00","breadcrumb":{"@id":"https:\/\/ricovictor.com\/index.php\/2020\/12\/14\/plan-de-jubilaciones-imss-en-mexico-quien-se-puede-jubilar-parte-3\/#breadcrumb"},"inLanguage":"es","potentialAction":[{"@type":"ReadAction","target":["https:\/\/ricovictor.com\/index.php\/2020\/12\/14\/plan-de-jubilaciones-imss-en-mexico-quien-se-puede-jubilar-parte-3\/"]}]},{"@type":"BreadcrumbList","@id":"https:\/\/ricovictor.com\/index.php\/2020\/12\/14\/plan-de-jubilaciones-imss-en-mexico-quien-se-puede-jubilar-parte-3\/#breadcrumb","itemListElement":[{"@type":"ListItem","position":1,"name":"Portada","item":"https:\/\/ricovictor.com\/"},{"@type":"ListItem","position":2,"name":"Plan de Jubilaciones IMSS en M\u00e9xico. \u00bfQui\u00e9n se puede jubilar? Parte 3"}]},{"@type":"WebSite","@id":"https:\/\/ricovictor.com\/#website","url":"https:\/\/ricovictor.com\/","name":"V\u00edctor A. Rico \u2014 Econometr\u00eda y Finanzas Cuantitativas","description":"","publisher":{"@id":"https:\/\/ricovictor.com\/#organization"},"potentialAction":[{"@type":"SearchAction","target":{"@type":"EntryPoint","urlTemplate":"https:\/\/ricovictor.com\/?s={search_term_string}"},"query-input":"required name=search_term_string"}],"inLanguage":"es"},{"@type":"Organization","@id":"https:\/\/ricovictor.com\/#organization","name":"V\u00edctor A. Rico \u2014 Econometr\u00eda y Finanzas Cuantitativas","url":"https:\/\/ricovictor.com\/","logo":{"@type":"ImageObject","inLanguage":"es","@id":"https:\/\/ricovictor.com\/#\/schema\/logo\/image\/","url":"https:\/\/ricovictor.com\/wp-content\/uploads\/2026\/02\/cropped-ChatGPT-Image-4-feb-2026-12_41_28.png","contentUrl":"https:\/\/ricovictor.com\/wp-content\/uploads\/2026\/02\/cropped-ChatGPT-Image-4-feb-2026-12_41_28.png","width":1402,"height":474,"caption":"V\u00edctor A. Rico \u2014 Econometr\u00eda y Finanzas Cuantitativas"},"image":{"@id":"https:\/\/ricovictor.com\/#\/schema\/logo\/image\/"}},{"@type":"Person","@id":"https:\/\/ricovictor.com\/#\/schema\/person\/edc179936bbcf9eaab0a2228fe8c97fa","name":"Alma Alvarado","image":{"@type":"ImageObject","inLanguage":"es","@id":"https:\/\/ricovictor.com\/#\/schema\/person\/image\/","url":"https:\/\/secure.gravatar.com\/avatar\/7b9d1119b4a4e78578e990a0d7bc942c?s=96&d=mm&r=g","contentUrl":"https:\/\/secure.gravatar.com\/avatar\/7b9d1119b4a4e78578e990a0d7bc942c?s=96&d=mm&r=g","caption":"Alma Alvarado"},"description":"Economista titulada de la UAM, estudiante de desarrollo de software de UnADM, Diplomado en ciencia de datos con Phyton en UACM- scidata, Diplomado en arquitectura y administraci\u00f3n de bases de datos con SQL en UACM-scidata, trabaje en analisis de riesgos y fraudes para Banamex, asesora en jubilaciones IMSS, docente de matem\u00e1ticas, matem\u00e1ticas financieras y econom\u00eda para escuela privada.","url":"https:\/\/ricovictor.com\/index.php\/author\/alma-alvarado\/"}]}},"post_mailing_queue_ids":[],"_links":{"self":[{"href":"https:\/\/ricovictor.com\/index.php\/wp-json\/wp\/v2\/posts\/1547"}],"collection":[{"href":"https:\/\/ricovictor.com\/index.php\/wp-json\/wp\/v2\/posts"}],"about":[{"href":"https:\/\/ricovictor.com\/index.php\/wp-json\/wp\/v2\/types\/post"}],"author":[{"embeddable":true,"href":"https:\/\/ricovictor.com\/index.php\/wp-json\/wp\/v2\/users\/4"}],"replies":[{"embeddable":true,"href":"https:\/\/ricovictor.com\/index.php\/wp-json\/wp\/v2\/comments?post=1547"}],"version-history":[{"count":28,"href":"https:\/\/ricovictor.com\/index.php\/wp-json\/wp\/v2\/posts\/1547\/revisions"}],"predecessor-version":[{"id":1582,"href":"https:\/\/ricovictor.com\/index.php\/wp-json\/wp\/v2\/posts\/1547\/revisions\/1582"}],"wp:featuredmedia":[{"embeddable":true,"href":"https:\/\/ricovictor.com\/index.php\/wp-json\/wp\/v2\/media\/1576"}],"wp:attachment":[{"href":"https:\/\/ricovictor.com\/index.php\/wp-json\/wp\/v2\/media?parent=1547"}],"wp:term":[{"taxonomy":"category","embeddable":true,"href":"https:\/\/ricovictor.com\/index.php\/wp-json\/wp\/v2\/categories?post=1547"},{"taxonomy":"post_tag","embeddable":true,"href":"https:\/\/ricovictor.com\/index.php\/wp-json\/wp\/v2\/tags?post=1547"}],"curies":[{"name":"wp","href":"https:\/\/api.w.org\/{rel}","templated":true}]}}