{"id":1736,"date":"2020-12-28T17:30:31","date_gmt":"2020-12-28T17:30:31","guid":{"rendered":"https:\/\/ricovictor.com\/?p=1736"},"modified":"2020-12-28T17:32:03","modified_gmt":"2020-12-28T17:32:03","slug":"cuantos-poseen-acceso-a-internet-y-como-lo-usan-las-masas","status":"publish","type":"post","link":"https:\/\/ricovictor.com\/index.php\/2020\/12\/28\/cuantos-poseen-acceso-a-internet-y-como-lo-usan-las-masas\/","title":{"rendered":"\u00bfCu\u00e1ntos poseen acceso a internet y c\u00f3mo lo usan las masas?"},"content":{"rendered":"\t\t<div data-elementor-type=\"wp-post\" data-elementor-id=\"1736\" class=\"elementor elementor-1736\">\n\t\t\t\t\t\t\t\t\t<section class=\"elementor-section elementor-top-section elementor-element elementor-element-77fef135 elementor-section-boxed elementor-section-height-default elementor-section-height-default\" data-id=\"77fef135\" data-element_type=\"section\">\n\t\t\t\t\t\t<div class=\"elementor-container elementor-column-gap-default\">\n\t\t\t\t\t<div class=\"elementor-column elementor-col-100 elementor-top-column elementor-element elementor-element-5e06a9ac\" data-id=\"5e06a9ac\" data-element_type=\"column\">\n\t\t\t<div class=\"elementor-widget-wrap elementor-element-populated\">\n\t\t\t\t\t\t\t\t<div class=\"elementor-element elementor-element-2700ea40 elementor-widget elementor-widget-text-editor\" data-id=\"2700ea40\" data-element_type=\"widget\" data-widget_type=\"text-editor.default\">\n\t\t\t\t<div class=\"elementor-widget-container\">\n\t\t\t\t\t\t\t<p><!-- wp:paragraph --><\/p>\n<p>Actualmente el mercado de valores ha evolucionado, por medio de internet se ha diversificado, las transacciones se han acelerado y existen una diversidad de mecanismo digitales que facilitan las transacciones y las proyecciones. <strong>El internet cambio el mundo de las finanzas y el mundo en que vivimos<\/strong>, en los tiempos de pandemia contribuy\u00f3 a que la actividad productiva y acad\u00e9mica no se detuviera, pero \u00bfCu\u00e1ntos poseen acceso a internet? \u00bfCu\u00e1l es el uso que hacen las masas del internet?&#8230;<\/p>\n<p>\u00a0<\/p>\n<p><!-- \/wp:paragraph --><\/p>\n<p><!-- wp:image {\"id\":1742,\"sizeSlug\":\"large\"} --><\/p>\n<figure class=\"wp-block-image size-large\"><img loading=\"lazy\" decoding=\"async\" width=\"510\" height=\"364\" class=\"wp-image-1742 aligncenter\" src=\"https:\/\/ricovictor.com\/wp-content\/uploads\/2020\/12\/imagen.png\" alt=\"\" srcset=\"https:\/\/ricovictor.com\/wp-content\/uploads\/2020\/12\/imagen.png 510w, https:\/\/ricovictor.com\/wp-content\/uploads\/2020\/12\/imagen-300x214.png 300w\" sizes=\"(max-width: 510px) 100vw, 510px\" \/><\/figure>\n<p><!-- \/wp:image --><\/p>\n<p><!-- wp:paragraph --><\/p>\n<p>\u00a0<\/p>\n<p>En el siglo XXI hemos sido testigos de la consolidaci\u00f3n del internet como medio global de conexi\u00f3n, el que se ha vuelto parte indispensable de nuestro quehacer diario. El internet ha incrementado la velocidad de los flujos de capital, de bienes, de informaci\u00f3n, de poder, etc. Ahora las econom\u00edas dependen m\u00e1s de tecnolog\u00edas como internet, y en los mercados financieros el capital especulativo viaja por los mercados a trav\u00e9s de redes de informaci\u00f3n, y <strong>se ha llegado a considerar que estamos en la \u00ab<em>sociedad de la informaci\u00f3n<\/em>\u00ab<\/strong> (Plascencia, 2014).<\/p>\n<p><!-- \/wp:paragraph --><\/p>\n<p><!-- wp:paragraph --><\/p>\n<p>A pesar de las bondades que nos ha aportado la revoluci\u00f3n tecnol\u00f3gica basada en la conexi\u00f3n por internet, esta no es beneficiosa para todos. Han surgido \u201c<em>ciudades inteligentes y\/o en l\u00ednea<\/em>\u201d, ciudades \u201c<em>ideales<\/em>\u201d que todos buscan instaurar -como Silicon Valley-; y de la misma manera coexisten territorios que no poseen el mismo grado de conexi\u00f3n y los nombramos \u201c<em>lugares remotos<\/em>\u201d -o similares-, continuando el conflicto antag\u00f3nico entre los que poseen acceso a la informaci\u00f3n y los despose\u00eddos.<\/p>\n<p><!-- \/wp:paragraph --><\/p>\n<p><!-- wp:paragraph --><\/p>\n<p>La inequidad en el acceso a internet es un reflejo de las desigualdades existentes en los Estados o Naciones , resultado de una heterogeneidad estructural hist\u00f3rica. Los m\u00e1s afectados siempre son los m\u00e1s excluidos, los que tienen bajo nivel educativo, los de pobreza extrema, sin acceso a empleo formal, con ingresos monetarios de subsistencia, y otros; que no les permiten acceder a las nuevas tecnolog\u00edas que facilitan la informaci\u00f3n. <strong>La brecha digital en nuestras sociedades se ha convertido en un problema, donde los despose\u00eddos del acceso son ahora tambi\u00e9n los despose\u00eddos de los medios de producci\u00f3n <\/strong>(Plascencia, 2014).<\/p>\n<p><!-- \/wp:paragraph --><\/p>\n<p><!-- wp:paragraph --><\/p>\n<p>En Centro Am\u00e9rica -una de las regiones subdesarrolladas-, la brecha tecnol\u00f3gica reflejada en 2016 demostr\u00f3 que menos de la mitad de la poblaci\u00f3n total de estos pa\u00edses ten\u00eda acceso para contactarse a internet, a excepci\u00f3n de Costa Rica que reflej\u00f3 m\u00e1s de la mitad de su poblaci\u00f3n con acceso a internet. Ver detalle de las disparidades por pa\u00eds en la tabla 1.<\/p>\n<p><!-- \/wp:paragraph --><\/p>\n<p><!-- wp:paragraph --><\/p>\n<p>En el informe \u201cInternet en Centro Am\u00e9rica 2018\u201d, Costa Rica continuaba en la vanguardia de la regi\u00f3n reportando la mayor proporci\u00f3n de hogares con acceso a internet (77% del total), seguido por Panam\u00e1 con 67% y Honduras con 31%. Siendo <strong>Youtube el sitio web m\u00e1s visitada en los seis pa\u00edses<\/strong>, y la mayor parte de los usuarios de internet personas en el rango etario de 12 a 40 a\u00f1os, que representan el 62% del total de la poblaci\u00f3n (CentralAmericaData, 2018).<\/p>\n<p><!-- \/wp:paragraph --><\/p>\n<p><!-- wp:paragraph {\"align\":\"center\"} --><\/p>\n<p class=\"has-text-align-center\">Tabla 1. Poblaci\u00f3n con Acceso a internet en Centro Am\u00e9rica, 2016<\/p>\n<p>\u00a0<\/p>\n<p><!-- \/wp:paragraph --><\/p>\n<p><!-- wp:table --><\/p>\n<figure class=\"wp-block-table\">\n<table>\n<tbody>\n<tr>\n<td><strong>Pais<\/strong><\/td>\n<td><strong>Usuarios de Internet<\/strong><\/td>\n<td><strong>Porcentaje de usuarios<\/strong><\/td>\n<td><strong>Poblaci\u00f3n Total<\/strong><\/td>\n<td><strong>Poblaci\u00f3n sin acceso<\/strong><\/td>\n<\/tr>\n<tr>\n<td>Costa Rica<\/td>\n<td>2738,500<\/td>\n<td>56.4<\/td>\n<td>4857,218<\/td>\n<td>2118,718<\/td>\n<\/tr>\n<tr>\n<td>Panam\u00e1<\/td>\n<td>1803,261<\/td>\n<td>42.2<\/td>\n<td>3990,406<\/td>\n<td>2187,145<\/td>\n<\/tr>\n<tr>\n<td>El Salvador<\/td>\n<td>2352,849<\/td>\n<td>38.3<\/td>\n<td>6146,419<\/td>\n<td>3793,570<\/td>\n<\/tr>\n<tr>\n<td>Guatemala<\/td>\n<td>4409,997<\/td>\n<td>26.5<\/td>\n<td>16672,956<\/td>\n<td>12262,959<\/td>\n<\/tr>\n<tr>\n<td>Honduras<\/td>\n<td>1757,467<\/td>\n<td>21.5<\/td>\n<td>8189,501<\/td>\n<td>6432,034<\/td>\n<\/tr>\n<tr>\n<td>Nicaragua<\/td>\n<td>1194,337<\/td>\n<td>19.4<\/td>\n<td>6150,035<\/td>\n<td>4955,698<\/td>\n<\/tr>\n<tr>\n<td><strong>TOTAL<\/strong><\/td>\n<td><strong>14256,411<\/strong><\/td>\n<td><strong>31<\/strong><\/td>\n<td><strong>46006,535<\/strong><\/td>\n<td><strong>31750,124<\/strong><\/td>\n<\/tr>\n<\/tbody>\n<\/table>\n<figcaption>Fuente: Internet Live Stats (2016)<\/figcaption>\n<\/figure>\n<p><!-- \/wp:table --><\/p>\n<p><!-- wp:paragraph --><\/p>\n<p><!-- \/wp:paragraph --><\/p>\n<p><!-- wp:paragraph --><\/p>\n<p>\u00a0<\/p>\n<p>El acceso a la informaci\u00f3n no es solo conocer el quehacer y el manejo del poder p\u00fablico, incluye tener acceso a nuevos conocimientos, a los avances de la ciencia en temas como salud, educaci\u00f3n, econom\u00eda y otros. <strong>La masificaci\u00f3n del internet de los \u00faltimos a\u00f1os ha facilitado el acceso a la informaci\u00f3n,<\/strong> siendo los beneficiados las personas que tienen los medios necesarios para poder conectarse a la red global, <strong>pero una considerable proporci\u00f3n de personas no tienen acceso a estos medios digitales.<\/strong><\/p>\n<p><!-- \/wp:paragraph --><\/p>\n<p><!-- wp:paragraph --><\/p>\n<p>Es claro que la pobreza juega un papel fundamente en la falta de acceso a la informaci\u00f3n, m\u00e1s cuando es la raz\u00f3n para ser clasificados como poblaci\u00f3n vulnerable ya sea por los bajos ingresos, el desempleo, el empleo informal, los bajos niveles de escolaridad y otros; e<strong>n general la condici\u00f3n de pobreza no permite acceder a los medios necesarios (digitales, telem\u00e1ticos y otros) para tener acceso a la informaci\u00f3n.<\/strong><\/p>\n<p><!-- \/wp:paragraph --><\/p>\n<p><!-- wp:paragraph --><\/p>\n<p><strong>El acceso a internet cada d\u00eda se facilita y se ampl\u00eda, pero no es garant\u00eda del acceso a informaci\u00f3n, tampoco que m\u00e1s personas tengan acceso a informaci\u00f3n; m\u00e1s usuarios (de internet) no significa menos exclusi\u00f3n (de la informaci\u00f3n).<\/strong><\/p>\n<p><!-- \/wp:paragraph --><\/p>\n<p><!-- wp:paragraph --><\/p>\n<p>Es importante conocer qui\u00e9nes son los que acceden a internet y que sitios visitan, el estudio \u201c<em>Internet en Centro Am\u00e9rica 2018<\/em>\u201d afirm\u00f3 que los usuarios de internet est\u00e1n increment\u00e1ndose, pero tambi\u00e9n reconoci\u00f3 que la p\u00e1gina web m\u00e1s visitada es Youtube, y es ac\u00e1 donde surgen las preguntas \u00bfQu\u00e9 informaci\u00f3n proporciona este sitio web?, \u00bfsu contenido es apto para algunos grupos vulnerables por ejemplo no videntes o con bajo nivel educativo?, \u00bfqu\u00e9 tipo de informaci\u00f3n contiene este sitio?, y as\u00ed otras. Se aclara que no se descarta que este sitio web contenga informaci\u00f3n muy valiosa y que en los \u00faltimos a\u00f1os se ha vuelto un instrumento de aprendizaje en muchos campos, pero no es de obviar que la creaci\u00f3n de este sitio fue con fines comerciales (no did\u00e1ctico) y puede tener algunos vac\u00edos para los grupos en condici\u00f3n de pobreza multidimensional.<\/p>\n<p><!-- \/wp:paragraph --><\/p>\n<p><!-- wp:paragraph --><\/p>\n<p><strong>La reducci\u00f3n de la brecha tecnol\u00f3gica requiere de pol\u00edticas p\u00fablicas que logren la inserci\u00f3n de los excluidos y deben tener car\u00e1cter din\u00e1mico, estructural y colectivo<\/strong>; puesto que la realidad de la exclusi\u00f3n puede ser modificada y alterada si y solo si, se act\u00faa al mismo tiempo sobre las actitudes, motivaciones, inter\u00e9s y\/o conductas (inter\u00e9s) de las personas excluidas y, tambi\u00e9n, sobre los fundamentos (bajos ingresos, desempleo, nivel educativo bajo, etc.) en los que reposa la sociedad excluida (Cabrera, 2005: 12).<\/p>\n<p><!-- \/wp:paragraph --><\/p>\n<p><!-- wp:paragraph --><\/p>\n<p><!-- \/wp:paragraph --><\/p>\n<p><!-- wp:paragraph --><\/p>\n<p>\u00a0<\/p>\n<p><!-- \/wp:paragraph --><\/p>\t\t\t\t\t\t<\/div>\n\t\t\t\t<\/div>\n\t\t\t\t\t<\/div>\n\t\t<\/div>\n\t\t\t\t\t\t\t<\/div>\n\t\t<\/section>\n\t\t\t\t<section class=\"elementor-section elementor-top-section elementor-element elementor-element-463e617 elementor-section-boxed elementor-section-height-default elementor-section-height-default\" data-id=\"463e617\" data-element_type=\"section\">\n\t\t\t\t\t\t<div class=\"elementor-container elementor-column-gap-default\">\n\t\t\t\t\t<div class=\"elementor-column elementor-col-100 elementor-top-column elementor-element elementor-element-6118815\" data-id=\"6118815\" data-element_type=\"column\">\n\t\t\t<div class=\"elementor-widget-wrap elementor-element-populated\">\n\t\t\t\t\t\t\t\t<div class=\"elementor-element elementor-element-9fc97b7 elementor-widget elementor-widget-text-editor\" data-id=\"9fc97b7\" data-element_type=\"widget\" data-widget_type=\"text-editor.default\">\n\t\t\t\t<div class=\"elementor-widget-container\">\n\t\t\t\t\t\t\t<p><strong>Bibliograf\u00eda<\/strong><\/p>\n<p><!-- \/wp:paragraph --><\/p>\n<p><!-- wp:paragraph --><\/p>\n<p>Cabrera, P (2005). Nuevas tecnolog\u00edas y exclusi\u00f3n social. Un estudio sobre las posibilidades de las TIC en la lucha por la inclusi\u00f3n social en Espa\u00f1a. Madrid, Espa\u00f1a. Recuperado de <a href=\"https:\/\/www.ohchr.org\/Documents\/Issues\/CulturalRights\/ConsultationEnjoyBenefits\/UNESCONUEVAS_TECNOLOGIASyExclusionsocial.pdf\">https:\/\/www.ohchr.org\/Documents\/Issues\/CulturalRights\/ConsultationEnjoyBenefits\/UNESCONUEVAS_TECNOLOGIASyExclusionsocial.pdf<\/a><\/p>\n<p><!-- \/wp:paragraph --><\/p>\n<p><!-- wp:paragraph --><\/p>\n<p>CentralAMericanData (2018). Internet: crece la demanda en Centroam\u00e9rica. Costa Rica. <em>Informaci\u00f3n de Negocios. <\/em>Recuperado de <a href=\"https:\/\/www.centralamericadata.com\/es\/article\/home\/Internet_Crece_la_demanda_en_Centroamrica\">https:\/\/www.centralamericadata.com\/es\/article\/home\/Internet_Crece_la_demanda_en_Centroamrica<\/a><\/p>\n<p><!-- \/wp:paragraph --><\/p>\n<p><!-- wp:paragraph --><\/p>\n<p>Internet Live Stats (2016). Internet Users by Country 2016. Recuperado de https:\/\/www.internetlivestats.com\/internet-users-by-country\/<\/p>\n<p><!-- \/wp:paragraph --><\/p>\n<p><!-- wp:paragraph --><\/p>\n<p>Plascencia, D (2014). Las nuevas formas de la exclusi\u00f3n digital. <em>En-clav. pen\u00a0Vol.8\u00a0N\u00b0.15<\/em>\u00a0M\u00e9xico. Recuperado de <a href=\"http:\/\/www.scielo.org.mx\/scielo.php?script=sci_arttext&amp;pid=S1870-879X2014000100085\">http:\/\/www.scielo.org.mx\/scielo.php?script=sci_arttext&amp;pid=S1870-879X2014000100085<\/a><\/p>\t\t\t\t\t\t<\/div>\n\t\t\t\t<\/div>\n\t\t\t\t\t<\/div>\n\t\t<\/div>\n\t\t\t\t\t\t\t<\/div>\n\t\t<\/section>\n\t\t\t\t\t\t\t<\/div>\n\t\t","protected":false},"excerpt":{"rendered":"<p>Actualmente el mercado de valores ha evolucionado, por medio de internet se ha diversificado, las transacciones se han acelerado y existen una diversidad de mecanismo digitales que facilitan las transacciones y las proyecciones. El internet cambio el mundo de las finanzas y el mundo en que vivimos, en los tiempos de pandemia contribuy\u00f3 a que &hellip;<\/p>\n<p class=\"read-more\"> <a class=\"\" href=\"https:\/\/ricovictor.com\/index.php\/2020\/12\/28\/cuantos-poseen-acceso-a-internet-y-como-lo-usan-las-masas\/\"> <span class=\"screen-reader-text\">\u00bfCu\u00e1ntos poseen acceso a internet y c\u00f3mo lo usan las masas?<\/span> Leer m\u00e1s &raquo;<\/a><\/p>\n","protected":false},"author":8,"featured_media":1742,"comment_status":"open","ping_status":"open","sticky":false,"template":"","format":"standard","meta":{"site-sidebar-layout":"default","site-content-layout":"","ast-site-content-layout":"","site-content-style":"default","site-sidebar-style":"default","ast-global-header-display":"","ast-banner-title-visibility":"","ast-main-header-display":"","ast-hfb-above-header-display":"","ast-hfb-below-header-display":"","ast-hfb-mobile-header-display":"","site-post-title":"","ast-breadcrumbs-content":"","ast-featured-img":"","footer-sml-layout":"","theme-transparent-header-meta":"","adv-header-id-meta":"","stick-header-meta":"","header-above-stick-meta":"","header-main-stick-meta":"","header-below-stick-meta":"","astra-migrate-meta-layouts":"","ast-page-background-enabled":"default","ast-page-background-meta":{"desktop":{"background-color":"var(--ast-global-color-4)","background-image":"","background-repeat":"repeat","background-position":"center center","background-size":"auto","background-attachment":"scroll","background-type":"","background-media":"","overlay-type":"","overlay-color":"","overlay-gradient":""},"tablet":{"background-color":"","background-image":"","background-repeat":"repeat","background-position":"center center","background-size":"auto","background-attachment":"scroll","background-type":"","background-media":"","overlay-type":"","overlay-color":"","overlay-gradient":""},"mobile":{"background-color":"","background-image":"","background-repeat":"repeat","background-position":"center center","background-size":"auto","background-attachment":"scroll","background-type":"","background-media":"","overlay-type":"","overlay-color":"","overlay-gradient":""}},"ast-content-background-meta":{"desktop":{"background-color":"var(--ast-global-color-5)","background-image":"","background-repeat":"repeat","background-position":"center center","background-size":"auto","background-attachment":"scroll","background-type":"","background-media":"","overlay-type":"","overlay-color":"","overlay-gradient":""},"tablet":{"background-color":"var(--ast-global-color-5)","background-image":"","background-repeat":"repeat","background-position":"center center","background-size":"auto","background-attachment":"scroll","background-type":"","background-media":"","overlay-type":"","overlay-color":"","overlay-gradient":""},"mobile":{"background-color":"var(--ast-global-color-5)","background-image":"","background-repeat":"repeat","background-position":"center center","background-size":"auto","background-attachment":"scroll","background-type":"","background-media":"","overlay-type":"","overlay-color":"","overlay-gradient":""}},"footnotes":""},"categories":[86],"tags":[],"yoast_head":"<!-- This site is optimized with the Yoast SEO plugin v21.6 - https:\/\/yoast.com\/wordpress\/plugins\/seo\/ -->\n<title>\u00bfCu\u00e1ntos poseen acceso a internet y c\u00f3mo lo usan las masas? - V\u00edctor A. Rico \u2014 Econometr\u00eda y Finanzas Cuantitativas<\/title>\n<meta name=\"robots\" content=\"index, follow, max-snippet:-1, max-image-preview:large, max-video-preview:-1\" \/>\n<link rel=\"canonical\" href=\"https:\/\/ricovictor.com\/index.php\/2020\/12\/28\/cuantos-poseen-acceso-a-internet-y-como-lo-usan-las-masas\/\" \/>\n<meta property=\"og:locale\" content=\"es_ES\" \/>\n<meta property=\"og:type\" content=\"article\" \/>\n<meta property=\"og:title\" content=\"\u00bfCu\u00e1ntos poseen acceso a internet y c\u00f3mo lo usan las masas? - V\u00edctor A. Rico \u2014 Econometr\u00eda y Finanzas Cuantitativas\" \/>\n<meta property=\"og:description\" content=\"Actualmente el mercado de valores ha evolucionado, por medio de internet se ha diversificado, las transacciones se han acelerado y existen una diversidad de mecanismo digitales que facilitan las transacciones y las proyecciones. El internet cambio el mundo de las finanzas y el mundo en que vivimos, en los tiempos de pandemia contribuy\u00f3 a que &hellip; \u00bfCu\u00e1ntos poseen acceso a internet y c\u00f3mo lo usan las masas? Leer m\u00e1s &raquo;\" \/>\n<meta property=\"og:url\" content=\"https:\/\/ricovictor.com\/index.php\/2020\/12\/28\/cuantos-poseen-acceso-a-internet-y-como-lo-usan-las-masas\/\" \/>\n<meta property=\"og:site_name\" content=\"V\u00edctor A. Rico \u2014 Econometr\u00eda y Finanzas Cuantitativas\" \/>\n<meta property=\"article:published_time\" content=\"2020-12-28T17:30:31+00:00\" \/>\n<meta property=\"article:modified_time\" content=\"2020-12-28T17:32:03+00:00\" \/>\n<meta property=\"og:image\" content=\"https:\/\/ricovictor.com\/wp-content\/uploads\/2020\/12\/imagen.png\" \/>\n\t<meta property=\"og:image:width\" content=\"510\" \/>\n\t<meta property=\"og:image:height\" content=\"364\" \/>\n\t<meta property=\"og:image:type\" content=\"image\/png\" \/>\n<meta name=\"author\" content=\"Claudio Mendez\" \/>\n<meta name=\"twitter:card\" content=\"summary_large_image\" \/>\n<meta name=\"twitter:label1\" content=\"Escrito por\" \/>\n\t<meta name=\"twitter:data1\" content=\"Claudio Mendez\" \/>\n\t<meta name=\"twitter:label2\" content=\"Tiempo de lectura\" \/>\n\t<meta name=\"twitter:data2\" content=\"6 minutos\" \/>\n<script type=\"application\/ld+json\" class=\"yoast-schema-graph\">{\"@context\":\"https:\/\/schema.org\",\"@graph\":[{\"@type\":\"Article\",\"@id\":\"https:\/\/ricovictor.com\/index.php\/2020\/12\/28\/cuantos-poseen-acceso-a-internet-y-como-lo-usan-las-masas\/#article\",\"isPartOf\":{\"@id\":\"https:\/\/ricovictor.com\/index.php\/2020\/12\/28\/cuantos-poseen-acceso-a-internet-y-como-lo-usan-las-masas\/\"},\"author\":{\"name\":\"Claudio Mendez\",\"@id\":\"https:\/\/ricovictor.com\/#\/schema\/person\/8308bc6672d70b508fd1b7df3f026aef\"},\"headline\":\"\u00bfCu\u00e1ntos poseen acceso a internet y c\u00f3mo lo usan las masas?\",\"datePublished\":\"2020-12-28T17:30:31+00:00\",\"dateModified\":\"2020-12-28T17:32:03+00:00\",\"mainEntityOfPage\":{\"@id\":\"https:\/\/ricovictor.com\/index.php\/2020\/12\/28\/cuantos-poseen-acceso-a-internet-y-como-lo-usan-las-masas\/\"},\"wordCount\":1149,\"commentCount\":0,\"publisher\":{\"@id\":\"https:\/\/ricovictor.com\/#organization\"},\"articleSection\":[\"Econom\u00eda\"],\"inLanguage\":\"es\",\"potentialAction\":[{\"@type\":\"CommentAction\",\"name\":\"Comment\",\"target\":[\"https:\/\/ricovictor.com\/index.php\/2020\/12\/28\/cuantos-poseen-acceso-a-internet-y-como-lo-usan-las-masas\/#respond\"]}]},{\"@type\":\"WebPage\",\"@id\":\"https:\/\/ricovictor.com\/index.php\/2020\/12\/28\/cuantos-poseen-acceso-a-internet-y-como-lo-usan-las-masas\/\",\"url\":\"https:\/\/ricovictor.com\/index.php\/2020\/12\/28\/cuantos-poseen-acceso-a-internet-y-como-lo-usan-las-masas\/\",\"name\":\"\u00bfCu\u00e1ntos poseen acceso a internet y c\u00f3mo lo usan las masas? - V\u00edctor A. Rico \u2014 Econometr\u00eda y Finanzas Cuantitativas\",\"isPartOf\":{\"@id\":\"https:\/\/ricovictor.com\/#website\"},\"datePublished\":\"2020-12-28T17:30:31+00:00\",\"dateModified\":\"2020-12-28T17:32:03+00:00\",\"breadcrumb\":{\"@id\":\"https:\/\/ricovictor.com\/index.php\/2020\/12\/28\/cuantos-poseen-acceso-a-internet-y-como-lo-usan-las-masas\/#breadcrumb\"},\"inLanguage\":\"es\",\"potentialAction\":[{\"@type\":\"ReadAction\",\"target\":[\"https:\/\/ricovictor.com\/index.php\/2020\/12\/28\/cuantos-poseen-acceso-a-internet-y-como-lo-usan-las-masas\/\"]}]},{\"@type\":\"BreadcrumbList\",\"@id\":\"https:\/\/ricovictor.com\/index.php\/2020\/12\/28\/cuantos-poseen-acceso-a-internet-y-como-lo-usan-las-masas\/#breadcrumb\",\"itemListElement\":[{\"@type\":\"ListItem\",\"position\":1,\"name\":\"Portada\",\"item\":\"https:\/\/ricovictor.com\/\"},{\"@type\":\"ListItem\",\"position\":2,\"name\":\"\u00bfCu\u00e1ntos poseen acceso a internet y c\u00f3mo lo usan las masas?\"}]},{\"@type\":\"WebSite\",\"@id\":\"https:\/\/ricovictor.com\/#website\",\"url\":\"https:\/\/ricovictor.com\/\",\"name\":\"V\u00edctor A. Rico \u2014 Econometr\u00eda y Finanzas Cuantitativas\",\"description\":\"\",\"publisher\":{\"@id\":\"https:\/\/ricovictor.com\/#organization\"},\"potentialAction\":[{\"@type\":\"SearchAction\",\"target\":{\"@type\":\"EntryPoint\",\"urlTemplate\":\"https:\/\/ricovictor.com\/?s={search_term_string}\"},\"query-input\":\"required name=search_term_string\"}],\"inLanguage\":\"es\"},{\"@type\":\"Organization\",\"@id\":\"https:\/\/ricovictor.com\/#organization\",\"name\":\"V\u00edctor A. Rico \u2014 Econometr\u00eda y Finanzas Cuantitativas\",\"url\":\"https:\/\/ricovictor.com\/\",\"logo\":{\"@type\":\"ImageObject\",\"inLanguage\":\"es\",\"@id\":\"https:\/\/ricovictor.com\/#\/schema\/logo\/image\/\",\"url\":\"https:\/\/ricovictor.com\/wp-content\/uploads\/2026\/02\/cropped-ChatGPT-Image-4-feb-2026-12_41_28.png\",\"contentUrl\":\"https:\/\/ricovictor.com\/wp-content\/uploads\/2026\/02\/cropped-ChatGPT-Image-4-feb-2026-12_41_28.png\",\"width\":1402,\"height\":474,\"caption\":\"V\u00edctor A. Rico \u2014 Econometr\u00eda y Finanzas Cuantitativas\"},\"image\":{\"@id\":\"https:\/\/ricovictor.com\/#\/schema\/logo\/image\/\"}},{\"@type\":\"Person\",\"@id\":\"https:\/\/ricovictor.com\/#\/schema\/person\/8308bc6672d70b508fd1b7df3f026aef\",\"name\":\"Claudio Mendez\",\"image\":{\"@type\":\"ImageObject\",\"inLanguage\":\"es\",\"@id\":\"https:\/\/ricovictor.com\/#\/schema\/person\/image\/\",\"url\":\"https:\/\/secure.gravatar.com\/avatar\/430fdf9748581cfc0aabb88e477c205c?s=96&d=mm&r=g\",\"contentUrl\":\"https:\/\/secure.gravatar.com\/avatar\/430fdf9748581cfc0aabb88e477c205c?s=96&d=mm&r=g\",\"caption\":\"Claudio Mendez\"},\"description\":\"Licenciado en econom\u00eda por la Universidad de El Salvador, trabajo actualmente en an\u00e1lisis de inversiones locales para el sector privado y soy egresado de la Maestr\u00eda en Desarrollo Territorial.\",\"url\":\"https:\/\/ricovictor.com\/index.php\/author\/claudio-mendez\/\"}]}<\/script>\n<!-- \/ Yoast SEO plugin. -->","yoast_head_json":{"title":"\u00bfCu\u00e1ntos poseen acceso a internet y c\u00f3mo lo usan las masas? - V\u00edctor A. Rico \u2014 Econometr\u00eda y Finanzas Cuantitativas","robots":{"index":"index","follow":"follow","max-snippet":"max-snippet:-1","max-image-preview":"max-image-preview:large","max-video-preview":"max-video-preview:-1"},"canonical":"https:\/\/ricovictor.com\/index.php\/2020\/12\/28\/cuantos-poseen-acceso-a-internet-y-como-lo-usan-las-masas\/","og_locale":"es_ES","og_type":"article","og_title":"\u00bfCu\u00e1ntos poseen acceso a internet y c\u00f3mo lo usan las masas? - V\u00edctor A. Rico \u2014 Econometr\u00eda y Finanzas Cuantitativas","og_description":"Actualmente el mercado de valores ha evolucionado, por medio de internet se ha diversificado, las transacciones se han acelerado y existen una diversidad de mecanismo digitales que facilitan las transacciones y las proyecciones. El internet cambio el mundo de las finanzas y el mundo en que vivimos, en los tiempos de pandemia contribuy\u00f3 a que &hellip; \u00bfCu\u00e1ntos poseen acceso a internet y c\u00f3mo lo usan las masas? Leer m\u00e1s &raquo;","og_url":"https:\/\/ricovictor.com\/index.php\/2020\/12\/28\/cuantos-poseen-acceso-a-internet-y-como-lo-usan-las-masas\/","og_site_name":"V\u00edctor A. Rico \u2014 Econometr\u00eda y Finanzas Cuantitativas","article_published_time":"2020-12-28T17:30:31+00:00","article_modified_time":"2020-12-28T17:32:03+00:00","og_image":[{"width":510,"height":364,"url":"https:\/\/ricovictor.com\/wp-content\/uploads\/2020\/12\/imagen.png","type":"image\/png"}],"author":"Claudio Mendez","twitter_card":"summary_large_image","twitter_misc":{"Escrito por":"Claudio Mendez","Tiempo de lectura":"6 minutos"},"schema":{"@context":"https:\/\/schema.org","@graph":[{"@type":"Article","@id":"https:\/\/ricovictor.com\/index.php\/2020\/12\/28\/cuantos-poseen-acceso-a-internet-y-como-lo-usan-las-masas\/#article","isPartOf":{"@id":"https:\/\/ricovictor.com\/index.php\/2020\/12\/28\/cuantos-poseen-acceso-a-internet-y-como-lo-usan-las-masas\/"},"author":{"name":"Claudio Mendez","@id":"https:\/\/ricovictor.com\/#\/schema\/person\/8308bc6672d70b508fd1b7df3f026aef"},"headline":"\u00bfCu\u00e1ntos poseen acceso a internet y c\u00f3mo lo usan las masas?","datePublished":"2020-12-28T17:30:31+00:00","dateModified":"2020-12-28T17:32:03+00:00","mainEntityOfPage":{"@id":"https:\/\/ricovictor.com\/index.php\/2020\/12\/28\/cuantos-poseen-acceso-a-internet-y-como-lo-usan-las-masas\/"},"wordCount":1149,"commentCount":0,"publisher":{"@id":"https:\/\/ricovictor.com\/#organization"},"articleSection":["Econom\u00eda"],"inLanguage":"es","potentialAction":[{"@type":"CommentAction","name":"Comment","target":["https:\/\/ricovictor.com\/index.php\/2020\/12\/28\/cuantos-poseen-acceso-a-internet-y-como-lo-usan-las-masas\/#respond"]}]},{"@type":"WebPage","@id":"https:\/\/ricovictor.com\/index.php\/2020\/12\/28\/cuantos-poseen-acceso-a-internet-y-como-lo-usan-las-masas\/","url":"https:\/\/ricovictor.com\/index.php\/2020\/12\/28\/cuantos-poseen-acceso-a-internet-y-como-lo-usan-las-masas\/","name":"\u00bfCu\u00e1ntos poseen acceso a internet y c\u00f3mo lo usan las masas? - V\u00edctor A. Rico \u2014 Econometr\u00eda y Finanzas Cuantitativas","isPartOf":{"@id":"https:\/\/ricovictor.com\/#website"},"datePublished":"2020-12-28T17:30:31+00:00","dateModified":"2020-12-28T17:32:03+00:00","breadcrumb":{"@id":"https:\/\/ricovictor.com\/index.php\/2020\/12\/28\/cuantos-poseen-acceso-a-internet-y-como-lo-usan-las-masas\/#breadcrumb"},"inLanguage":"es","potentialAction":[{"@type":"ReadAction","target":["https:\/\/ricovictor.com\/index.php\/2020\/12\/28\/cuantos-poseen-acceso-a-internet-y-como-lo-usan-las-masas\/"]}]},{"@type":"BreadcrumbList","@id":"https:\/\/ricovictor.com\/index.php\/2020\/12\/28\/cuantos-poseen-acceso-a-internet-y-como-lo-usan-las-masas\/#breadcrumb","itemListElement":[{"@type":"ListItem","position":1,"name":"Portada","item":"https:\/\/ricovictor.com\/"},{"@type":"ListItem","position":2,"name":"\u00bfCu\u00e1ntos poseen acceso a internet y c\u00f3mo lo usan las masas?"}]},{"@type":"WebSite","@id":"https:\/\/ricovictor.com\/#website","url":"https:\/\/ricovictor.com\/","name":"V\u00edctor A. Rico \u2014 Econometr\u00eda y Finanzas Cuantitativas","description":"","publisher":{"@id":"https:\/\/ricovictor.com\/#organization"},"potentialAction":[{"@type":"SearchAction","target":{"@type":"EntryPoint","urlTemplate":"https:\/\/ricovictor.com\/?s={search_term_string}"},"query-input":"required name=search_term_string"}],"inLanguage":"es"},{"@type":"Organization","@id":"https:\/\/ricovictor.com\/#organization","name":"V\u00edctor A. Rico \u2014 Econometr\u00eda y Finanzas Cuantitativas","url":"https:\/\/ricovictor.com\/","logo":{"@type":"ImageObject","inLanguage":"es","@id":"https:\/\/ricovictor.com\/#\/schema\/logo\/image\/","url":"https:\/\/ricovictor.com\/wp-content\/uploads\/2026\/02\/cropped-ChatGPT-Image-4-feb-2026-12_41_28.png","contentUrl":"https:\/\/ricovictor.com\/wp-content\/uploads\/2026\/02\/cropped-ChatGPT-Image-4-feb-2026-12_41_28.png","width":1402,"height":474,"caption":"V\u00edctor A. Rico \u2014 Econometr\u00eda y Finanzas Cuantitativas"},"image":{"@id":"https:\/\/ricovictor.com\/#\/schema\/logo\/image\/"}},{"@type":"Person","@id":"https:\/\/ricovictor.com\/#\/schema\/person\/8308bc6672d70b508fd1b7df3f026aef","name":"Claudio Mendez","image":{"@type":"ImageObject","inLanguage":"es","@id":"https:\/\/ricovictor.com\/#\/schema\/person\/image\/","url":"https:\/\/secure.gravatar.com\/avatar\/430fdf9748581cfc0aabb88e477c205c?s=96&d=mm&r=g","contentUrl":"https:\/\/secure.gravatar.com\/avatar\/430fdf9748581cfc0aabb88e477c205c?s=96&d=mm&r=g","caption":"Claudio Mendez"},"description":"Licenciado en econom\u00eda por la Universidad de El Salvador, trabajo actualmente en an\u00e1lisis de inversiones locales para el sector privado y soy egresado de la Maestr\u00eda en Desarrollo Territorial.","url":"https:\/\/ricovictor.com\/index.php\/author\/claudio-mendez\/"}]}},"post_mailing_queue_ids":[],"_links":{"self":[{"href":"https:\/\/ricovictor.com\/index.php\/wp-json\/wp\/v2\/posts\/1736"}],"collection":[{"href":"https:\/\/ricovictor.com\/index.php\/wp-json\/wp\/v2\/posts"}],"about":[{"href":"https:\/\/ricovictor.com\/index.php\/wp-json\/wp\/v2\/types\/post"}],"author":[{"embeddable":true,"href":"https:\/\/ricovictor.com\/index.php\/wp-json\/wp\/v2\/users\/8"}],"replies":[{"embeddable":true,"href":"https:\/\/ricovictor.com\/index.php\/wp-json\/wp\/v2\/comments?post=1736"}],"version-history":[{"count":14,"href":"https:\/\/ricovictor.com\/index.php\/wp-json\/wp\/v2\/posts\/1736\/revisions"}],"predecessor-version":[{"id":1751,"href":"https:\/\/ricovictor.com\/index.php\/wp-json\/wp\/v2\/posts\/1736\/revisions\/1751"}],"wp:featuredmedia":[{"embeddable":true,"href":"https:\/\/ricovictor.com\/index.php\/wp-json\/wp\/v2\/media\/1742"}],"wp:attachment":[{"href":"https:\/\/ricovictor.com\/index.php\/wp-json\/wp\/v2\/media?parent=1736"}],"wp:term":[{"taxonomy":"category","embeddable":true,"href":"https:\/\/ricovictor.com\/index.php\/wp-json\/wp\/v2\/categories?post=1736"},{"taxonomy":"post_tag","embeddable":true,"href":"https:\/\/ricovictor.com\/index.php\/wp-json\/wp\/v2\/tags?post=1736"}],"curies":[{"name":"wp","href":"https:\/\/api.w.org\/{rel}","templated":true}]}}