{"id":2055,"date":"2021-02-08T14:20:30","date_gmt":"2021-02-08T14:20:30","guid":{"rendered":"https:\/\/ricovictor.com\/?p=2055"},"modified":"2021-02-08T14:23:10","modified_gmt":"2021-02-08T14:23:10","slug":"a-la-lucha-por-la-frontera-espacial-en-nicaragua-y-la-ninez","status":"publish","type":"post","link":"https:\/\/ricovictor.com\/index.php\/2021\/02\/08\/a-la-lucha-por-la-frontera-espacial-en-nicaragua-y-la-ninez\/","title":{"rendered":"A  la lucha por la frontera espacial en Nicaragua, \u00bfY la Ni\u00f1ez?"},"content":{"rendered":"\t\t<div data-elementor-type=\"wp-post\" data-elementor-id=\"2055\" class=\"elementor elementor-2055\">\n\t\t\t\t\t\t\t\t\t<section class=\"elementor-section elementor-top-section elementor-element elementor-element-646fbde6 elementor-section-boxed elementor-section-height-default elementor-section-height-default\" data-id=\"646fbde6\" data-element_type=\"section\">\n\t\t\t\t\t\t<div class=\"elementor-container elementor-column-gap-default\">\n\t\t\t\t\t<div class=\"elementor-column elementor-col-100 elementor-top-column elementor-element elementor-element-7107c3ef\" data-id=\"7107c3ef\" data-element_type=\"column\">\n\t\t\t<div class=\"elementor-widget-wrap elementor-element-populated\">\n\t\t\t\t\t\t\t\t<div class=\"elementor-element elementor-element-63533410 elementor-widget elementor-widget-text-editor\" data-id=\"63533410\" data-element_type=\"widget\" data-widget_type=\"text-editor.default\">\n\t\t\t\t<div class=\"elementor-widget-container\">\n\t\t\t\t\t\t\t<!-- wp:themeisle-blocks\/advanced-columns {\"id\":\"wp-block-themeisle-blocks-advanced-columns-34de73cd\"} -->\n<div class=\"wp-block-themeisle-blocks-advanced-columns has-undefined-columns has-desktop-undefined-layout has-tablet-equal-layout has-mobile-equal-layout has-default-gap has-vertical-unset\" id=\"wp-block-themeisle-blocks-advanced-columns-34de73cd\"><div class=\"wp-block-themeisle-blocks-advanced-columns-overlay\"><\/div><div class=\"innerblocks-wrap\"><\/div><\/div>\n<!-- \/wp:themeisle-blocks\/advanced-columns -->\t\t\t\t\t\t<\/div>\n\t\t\t\t<\/div>\n\t\t\t\t\t<\/div>\n\t\t<\/div>\n\t\t\t\t\t\t\t<\/div>\n\t\t<\/section>\n\t\t\t\t<section class=\"elementor-section elementor-top-section elementor-element elementor-element-71f68d2f elementor-section-boxed elementor-section-height-default elementor-section-height-default\" data-id=\"71f68d2f\" data-element_type=\"section\">\n\t\t\t\t\t\t<div class=\"elementor-container elementor-column-gap-default\">\n\t\t\t\t\t<div class=\"elementor-column elementor-col-100 elementor-top-column elementor-element elementor-element-4f2dc2e8\" data-id=\"4f2dc2e8\" data-element_type=\"column\">\n\t\t\t<div class=\"elementor-widget-wrap elementor-element-populated\">\n\t\t\t\t\t\t\t\t<div class=\"elementor-element elementor-element-1a218548 elementor-widget elementor-widget-text-editor\" data-id=\"1a218548\" data-element_type=\"widget\" data-widget_type=\"text-editor.default\">\n\t\t\t\t<div class=\"elementor-widget-container\">\n\t\t\t\t\t\t\t<p><strong>Cada a\u00f1o, antes de la aprobaci\u00f3n del Presupuesto General de la Rep\u00fablica de Nicaragua, la Comisi\u00f3n de Producci\u00f3n, Econom\u00eda y Presupuesto hace un an\u00e1lisis detallado sobre las proyecciones relacionadas con los ingresos fiscales para el a\u00f1o,<\/strong> detallando as\u00ed los posibles escenarios sobre los cuales se trabajar\u00e1 para el a\u00f1o siguiente.\u00a0<\/p>\n<p>Como es costumbre las \u00e1reas m\u00e1s vulnerables del PGR son Educaci\u00f3n y Salud, las cuales se mueven de acuerdo con la asignaci\u00f3n presupuestal a otras \u00e1reas menos productivas dentro del aparato estatal, jugando muchas veces con la realidad a la que se enfrentan las familias que viven con alg\u00fan tipo de necesidad en sus hogares y el sistema de educaci\u00f3n (por dar un ejemplo) no les brinda el incentivo para que sus hijos se mantengan en el aula.<\/p>\n<p>\u00a0<\/p>\t\t\t\t\t\t<\/div>\n\t\t\t\t<\/div>\n\t\t\t\t\t<\/div>\n\t\t<\/div>\n\t\t\t\t\t\t\t<\/div>\n\t\t<\/section>\n\t\t\t\t<section class=\"elementor-section elementor-top-section elementor-element elementor-element-56f7ee elementor-section-boxed elementor-section-height-default elementor-section-height-default\" data-id=\"56f7ee\" data-element_type=\"section\">\n\t\t\t\t\t\t<div class=\"elementor-container elementor-column-gap-default\">\n\t\t\t\t\t<div class=\"elementor-column elementor-col-100 elementor-top-column elementor-element elementor-element-4ba1d5a8\" data-id=\"4ba1d5a8\" data-element_type=\"column\">\n\t\t\t<div class=\"elementor-widget-wrap elementor-element-populated\">\n\t\t\t\t\t\t\t\t<div class=\"elementor-element elementor-element-3874bccd elementor-widget elementor-widget-image\" data-id=\"3874bccd\" data-element_type=\"widget\" data-widget_type=\"image.default\">\n\t\t\t\t<div class=\"elementor-widget-container\">\n\t\t\t\t\t\t\t\t\t\t\t\t\t\t\t<img loading=\"lazy\" decoding=\"async\" width=\"483\" height=\"289\" src=\"https:\/\/ricovictor.com\/wp-content\/uploads\/2021\/02\/nicaragua.png\" class=\"attachment-medium_large size-medium_large wp-image-2038\" alt=\"\" srcset=\"https:\/\/ricovictor.com\/wp-content\/uploads\/2021\/02\/nicaragua.png 483w, https:\/\/ricovictor.com\/wp-content\/uploads\/2021\/02\/nicaragua-300x180.png 300w\" sizes=\"(max-width: 483px) 100vw, 483px\" \/>\t\t\t\t\t\t\t\t\t\t\t\t\t\t\t<\/div>\n\t\t\t\t<\/div>\n\t\t\t\t<div class=\"elementor-element elementor-element-431d5686 elementor-widget elementor-widget-spacer\" data-id=\"431d5686\" data-element_type=\"widget\" data-widget_type=\"spacer.default\">\n\t\t\t\t<div class=\"elementor-widget-container\">\n\t\t\t\t\t<div class=\"elementor-spacer\">\n\t\t\t<div class=\"elementor-spacer-inner\"><\/div>\n\t\t<\/div>\n\t\t\t\t<\/div>\n\t\t\t\t<\/div>\n\t\t\t\t\t<\/div>\n\t\t<\/div>\n\t\t\t\t\t\t\t<\/div>\n\t\t<\/section>\n\t\t\t\t<section class=\"elementor-section elementor-top-section elementor-element elementor-element-4fcf86f elementor-section-boxed elementor-section-height-default elementor-section-height-default\" data-id=\"4fcf86f\" data-element_type=\"section\">\n\t\t\t\t\t\t<div class=\"elementor-container elementor-column-gap-default\">\n\t\t\t\t\t<div class=\"elementor-column elementor-col-100 elementor-top-column elementor-element elementor-element-7ef9c473\" data-id=\"7ef9c473\" data-element_type=\"column\">\n\t\t\t<div class=\"elementor-widget-wrap elementor-element-populated\">\n\t\t\t\t\t\t\t\t<div class=\"elementor-element elementor-element-2d01b22a elementor-drop-cap-yes elementor-drop-cap-view-default elementor-widget elementor-widget-text-editor\" data-id=\"2d01b22a\" data-element_type=\"widget\" data-settings=\"{&quot;drop_cap&quot;:&quot;yes&quot;}\" data-widget_type=\"text-editor.default\">\n\t\t\t\t<div class=\"elementor-widget-container\">\n\t\t\t\t\t\t\t<p>\u00a0<\/p>\n<p><strong>De acuerdo con el gr\u00e1fico, la evoluci\u00f3n del Gasto en educaci\u00f3n como porcentaje del Gasto Total ha disminuido con los a\u00f1os, experimentando uno de los principales cambios en el quinquenio que va del 2010 al 2015 considerando una ca\u00edda del 18%,<\/strong> lo que muestra la vulnerabilidad de la asignaci\u00f3n presupuestal a este sector ante otros menos productivos. Nicaragua es el pa\u00eds de Centroam\u00e9rica que no supera el 4% su gasto en educaci\u00f3n como porcentaje del PIB hoy en d\u00eda.<\/p>\n<p>Solo el a\u00f1o pasado, se ten\u00eda contemplado realizar al menos 47 proyectos entre ellos mejoras a infraestructura escolar, es decir, la reparaci\u00f3n en las aulas de clases, mejora y compra de pupitres, pizarras, etc. sin embargo, en el campo la situaci\u00f3n es m\u00e1s dram\u00e1tica ya que en muchas escuelas no se cuenta con la suficiente iluminaci\u00f3n para desarrollar eficazmente un plan de clases y el docente tiene que ingeni\u00e1rselas para \u201cresolver\u201d.<\/p>\t\t\t\t\t\t<\/div>\n\t\t\t\t<\/div>\n\t\t\t\t\t<\/div>\n\t\t<\/div>\n\t\t\t\t\t\t\t<\/div>\n\t\t<\/section>\n\t\t\t\t<section class=\"elementor-section elementor-top-section elementor-element elementor-element-2854468f elementor-section-boxed elementor-section-height-default elementor-section-height-default\" data-id=\"2854468f\" data-element_type=\"section\">\n\t\t\t\t\t\t<div class=\"elementor-container elementor-column-gap-default\">\n\t\t\t\t\t<div class=\"elementor-column elementor-col-100 elementor-top-column elementor-element elementor-element-1ebc2059\" data-id=\"1ebc2059\" data-element_type=\"column\">\n\t\t\t<div class=\"elementor-widget-wrap elementor-element-populated\">\n\t\t\t\t\t\t\t\t<div class=\"elementor-element elementor-element-64da4808 elementor-drop-cap-yes elementor-drop-cap-view-default elementor-widget elementor-widget-text-editor\" data-id=\"64da4808\" data-element_type=\"widget\" data-settings=\"{&quot;drop_cap&quot;:&quot;yes&quot;}\" data-widget_type=\"text-editor.default\">\n\t\t\t\t<div class=\"elementor-widget-container\">\n\t\t\t\t\t\t\t<p>\u00a0<\/p>\n<p><strong>Siguen habiendo escuelas sin electricidad aunque estas est\u00e9n cerca de la v\u00eda p\u00fablica, las condiciones de la escuela para que los ni\u00f1os y las ni\u00f1as puedan ejercer su derecho a jugar son deficientes y muchas de ellas presentan un riesgo para ellos<\/strong>, ya que no cuentan con aceras en buen estado y el espacio es sumamente reducido lo que hace peligroso la pr\u00e1ctica de deportes como el Football, carreras, entre otras que puedan caer en el riesgo de lastimarse con las cercas que en la mayor\u00eda de las escuelas incluye alambres y no la famosa malla.<\/p>\n<p>En el a\u00f1o 2015 hubo un compromiso por el Gobierno por incrementar este gasto hasta el 6% como porcentaje del PIB sin embargo la tarea sigue pendiente. Mientras se sigan priorizando \u201cotros sectores\u201d sobre el de la educaci\u00f3n, el capital humano seguir\u00e1 siendo considerada tarea de la empresa privada, el formar a sus empleados aun con las deficiencias que acarrean de la educaci\u00f3n b\u00e1sica. Puede ser que se est\u00e9 llevando al pa\u00eds hacia la erradicaci\u00f3n del analfabetismo pero se sigue dejando de lado las dificultades con las que estos estudiantes le hacen frente a los problemas b\u00e1sicos de las matem\u00e1ticas crenado as\u00ed analfabetos funcionales, ya que los indicadores de calidad est\u00e1n siendo desatendidos.<\/p>\n<p>\u00a0<\/p>\t\t\t\t\t\t<\/div>\n\t\t\t\t<\/div>\n\t\t\t\t\t<\/div>\n\t\t<\/div>\n\t\t\t\t\t\t\t<\/div>\n\t\t<\/section>\n\t\t\t\t<section class=\"elementor-section elementor-top-section elementor-element elementor-element-8b222e4 elementor-section-boxed elementor-section-height-default elementor-section-height-default\" data-id=\"8b222e4\" data-element_type=\"section\">\n\t\t\t\t\t\t<div class=\"elementor-container elementor-column-gap-default\">\n\t\t\t\t\t<div class=\"elementor-column elementor-col-100 elementor-top-column elementor-element elementor-element-d4019f6\" data-id=\"d4019f6\" data-element_type=\"column\">\n\t\t\t<div class=\"elementor-widget-wrap elementor-element-populated\">\n\t\t\t\t\t\t\t\t<div class=\"elementor-element elementor-element-394de1b7 elementor-widget elementor-widget-image\" data-id=\"394de1b7\" data-element_type=\"widget\" data-widget_type=\"image.default\">\n\t\t\t\t<div class=\"elementor-widget-container\">\n\t\t\t\t\t\t\t\t\t\t\t\t\t\t\t<img loading=\"lazy\" decoding=\"async\" width=\"640\" height=\"423\" src=\"https:\/\/ricovictor.com\/wp-content\/uploads\/2021\/02\/satellite-67718_640.jpg\" class=\"attachment-medium_large size-medium_large wp-image-2042\" alt=\"\" srcset=\"https:\/\/ricovictor.com\/wp-content\/uploads\/2021\/02\/satellite-67718_640.jpg 640w, https:\/\/ricovictor.com\/wp-content\/uploads\/2021\/02\/satellite-67718_640-300x198.jpg 300w\" sizes=\"(max-width: 640px) 100vw, 640px\" \/>\t\t\t\t\t\t\t\t\t\t\t\t\t\t\t<\/div>\n\t\t\t\t<\/div>\n\t\t\t\t\t<\/div>\n\t\t<\/div>\n\t\t\t\t\t\t\t<\/div>\n\t\t<\/section>\n\t\t\t\t<section class=\"elementor-section elementor-top-section elementor-element elementor-element-3945c041 elementor-section-boxed elementor-section-height-default elementor-section-height-default\" data-id=\"3945c041\" data-element_type=\"section\">\n\t\t\t\t\t\t<div class=\"elementor-container elementor-column-gap-default\">\n\t\t\t\t\t<div class=\"elementor-column elementor-col-100 elementor-top-column elementor-element elementor-element-3f807430\" data-id=\"3f807430\" data-element_type=\"column\">\n\t\t\t<div class=\"elementor-widget-wrap elementor-element-populated\">\n\t\t\t\t\t\t\t\t<div class=\"elementor-element elementor-element-72373298 elementor-drop-cap-yes elementor-drop-cap-view-default elementor-widget elementor-widget-text-editor\" data-id=\"72373298\" data-element_type=\"widget\" data-settings=\"{&quot;drop_cap&quot;:&quot;yes&quot;}\" data-widget_type=\"text-editor.default\">\n\t\t\t\t<div class=\"elementor-widget-container\">\n\t\t\t\t\t\t\t<p>\u00a0<\/p>\n<p><strong>Es incre\u00edble c\u00f3mo la lucha por la conquista del espacio lleg\u00f3 a Nicaragua, con el anuncio de la creaci\u00f3n de una Secretar\u00eda Nacional para Asuntos del Espacio Ultraterrestre, La Luna, y Otros cuerpos celestes, y un presupuesto tan sobregirado que ni siquiera cubre las \u00e1reas m\u00e1s b\u00e1sicas y que depende mucho de los programas de agencias internacionales para su buen funcionamiento,<\/strong> a\u00fan con esas limitantes se intenta explorar la Luna y orbitar sat\u00e9lites, posiblemente, para llegar generar divisas a como lo est\u00e1 generando el Canal Interoce\u00e1nico.<\/p>\n<p>La soluci\u00f3n del nicarag\u00fcense es esperar, sin embargo, esperar a que la empresa privada asuma el rol de catalizador de las deficiencias de la mano de obra acarreadas desde la educaci\u00f3n b\u00e1sica (primaria y secundaria), esperar a que el ni\u00f1o por fin sea reconocido por los Estados en su Inter\u00e9s Superior y ese inter\u00e9s sea transmitido, no a trav\u00e9s de discursos, como el del a\u00f1o 2015, sino en un presupuesto consciente de las deficiencias a las que se enfrenta el sistema con sus docentes d\u00eda a d\u00eda, en resumen, seguiremos siendo el pa\u00eds que menos recursos destina a Educaci\u00f3n en 2021.<\/p>\t\t\t\t\t\t<\/div>\n\t\t\t\t<\/div>\n\t\t\t\t\t<\/div>\n\t\t<\/div>\n\t\t\t\t\t\t\t<\/div>\n\t\t<\/section>\n\t\t\t\t\t\t\t<\/div>\n\t\t","protected":false},"excerpt":{"rendered":"<p>Cada a\u00f1o, antes de la aprobaci\u00f3n del Presupuesto General de la Rep\u00fablica de Nicaragua, la Comisi\u00f3n de Producci\u00f3n, Econom\u00eda y Presupuesto hace un an\u00e1lisis detallado sobre las proyecciones relacionadas con los ingresos fiscales para el a\u00f1o, detallando as\u00ed los posibles escenarios sobre los cuales se trabajar\u00e1 para el a\u00f1o siguiente.\u00a0 Como es costumbre las \u00e1reas &hellip;<\/p>\n<p class=\"read-more\"> <a class=\"\" href=\"https:\/\/ricovictor.com\/index.php\/2021\/02\/08\/a-la-lucha-por-la-frontera-espacial-en-nicaragua-y-la-ninez\/\"> <span class=\"screen-reader-text\">A  la lucha por la frontera espacial en Nicaragua, \u00bfY la Ni\u00f1ez?<\/span> Leer m\u00e1s &raquo;<\/a><\/p>\n","protected":false},"author":9,"featured_media":2042,"comment_status":"open","ping_status":"open","sticky":false,"template":"","format":"standard","meta":{"site-sidebar-layout":"default","site-content-layout":"","ast-site-content-layout":"","site-content-style":"default","site-sidebar-style":"default","ast-global-header-display":"","ast-banner-title-visibility":"","ast-main-header-display":"","ast-hfb-above-header-display":"","ast-hfb-below-header-display":"","ast-hfb-mobile-header-display":"","site-post-title":"","ast-breadcrumbs-content":"","ast-featured-img":"","footer-sml-layout":"","theme-transparent-header-meta":"","adv-header-id-meta":"","stick-header-meta":"","header-above-stick-meta":"","header-main-stick-meta":"","header-below-stick-meta":"","astra-migrate-meta-layouts":"","ast-page-background-enabled":"default","ast-page-background-meta":{"desktop":{"background-color":"var(--ast-global-color-4)","background-image":"","background-repeat":"repeat","background-position":"center center","background-size":"auto","background-attachment":"scroll","background-type":"","background-media":"","overlay-type":"","overlay-color":"","overlay-gradient":""},"tablet":{"background-color":"","background-image":"","background-repeat":"repeat","background-position":"center center","background-size":"auto","background-attachment":"scroll","background-type":"","background-media":"","overlay-type":"","overlay-color":"","overlay-gradient":""},"mobile":{"background-color":"","background-image":"","background-repeat":"repeat","background-position":"center center","background-size":"auto","background-attachment":"scroll","background-type":"","background-media":"","overlay-type":"","overlay-color":"","overlay-gradient":""}},"ast-content-background-meta":{"desktop":{"background-color":"var(--ast-global-color-5)","background-image":"","background-repeat":"repeat","background-position":"center center","background-size":"auto","background-attachment":"scroll","background-type":"","background-media":"","overlay-type":"","overlay-color":"","overlay-gradient":""},"tablet":{"background-color":"var(--ast-global-color-5)","background-image":"","background-repeat":"repeat","background-position":"center center","background-size":"auto","background-attachment":"scroll","background-type":"","background-media":"","overlay-type":"","overlay-color":"","overlay-gradient":""},"mobile":{"background-color":"var(--ast-global-color-5)","background-image":"","background-repeat":"repeat","background-position":"center center","background-size":"auto","background-attachment":"scroll","background-type":"","background-media":"","overlay-type":"","overlay-color":"","overlay-gradient":""}},"footnotes":""},"categories":[86],"tags":[],"yoast_head":"<!-- This site is optimized with the Yoast SEO plugin v21.6 - https:\/\/yoast.com\/wordpress\/plugins\/seo\/ -->\n<title>A la lucha por la frontera espacial en Nicaragua, \u00bfY la Ni\u00f1ez? - V\u00edctor A. Rico \u2014 Econometr\u00eda y Finanzas Cuantitativas<\/title>\n<meta name=\"robots\" content=\"index, follow, max-snippet:-1, max-image-preview:large, max-video-preview:-1\" \/>\n<link rel=\"canonical\" href=\"https:\/\/ricovictor.com\/index.php\/2021\/02\/08\/a-la-lucha-por-la-frontera-espacial-en-nicaragua-y-la-ninez\/\" \/>\n<meta property=\"og:locale\" content=\"es_ES\" \/>\n<meta property=\"og:type\" content=\"article\" \/>\n<meta property=\"og:title\" content=\"A la lucha por la frontera espacial en Nicaragua, \u00bfY la Ni\u00f1ez? - V\u00edctor A. Rico \u2014 Econometr\u00eda y Finanzas Cuantitativas\" \/>\n<meta property=\"og:description\" content=\"Cada a\u00f1o, antes de la aprobaci\u00f3n del Presupuesto General de la Rep\u00fablica de Nicaragua, la Comisi\u00f3n de Producci\u00f3n, Econom\u00eda y Presupuesto hace un an\u00e1lisis detallado sobre las proyecciones relacionadas con los ingresos fiscales para el a\u00f1o, detallando as\u00ed los posibles escenarios sobre los cuales se trabajar\u00e1 para el a\u00f1o siguiente.\u00a0 Como es costumbre las \u00e1reas &hellip; A la lucha por la frontera espacial en Nicaragua, \u00bfY la Ni\u00f1ez? Leer m\u00e1s &raquo;\" \/>\n<meta property=\"og:url\" content=\"https:\/\/ricovictor.com\/index.php\/2021\/02\/08\/a-la-lucha-por-la-frontera-espacial-en-nicaragua-y-la-ninez\/\" \/>\n<meta property=\"og:site_name\" content=\"V\u00edctor A. Rico \u2014 Econometr\u00eda y Finanzas Cuantitativas\" \/>\n<meta property=\"article:published_time\" content=\"2021-02-08T14:20:30+00:00\" \/>\n<meta property=\"article:modified_time\" content=\"2021-02-08T14:23:10+00:00\" \/>\n<meta property=\"og:image\" content=\"https:\/\/ricovictor.com\/wp-content\/uploads\/2021\/02\/satellite-67718_640.jpg\" \/>\n\t<meta property=\"og:image:width\" content=\"640\" \/>\n\t<meta property=\"og:image:height\" content=\"423\" \/>\n\t<meta property=\"og:image:type\" content=\"image\/jpeg\" \/>\n<meta name=\"author\" content=\"Augusto Valle\" \/>\n<meta name=\"twitter:card\" content=\"summary_large_image\" \/>\n<meta name=\"twitter:label1\" content=\"Escrito por\" \/>\n\t<meta name=\"twitter:data1\" content=\"Augusto Valle\" \/>\n\t<meta name=\"twitter:label2\" content=\"Tiempo de lectura\" \/>\n\t<meta name=\"twitter:data2\" content=\"4 minutos\" \/>\n<script type=\"application\/ld+json\" class=\"yoast-schema-graph\">{\"@context\":\"https:\/\/schema.org\",\"@graph\":[{\"@type\":\"Article\",\"@id\":\"https:\/\/ricovictor.com\/index.php\/2021\/02\/08\/a-la-lucha-por-la-frontera-espacial-en-nicaragua-y-la-ninez\/#article\",\"isPartOf\":{\"@id\":\"https:\/\/ricovictor.com\/index.php\/2021\/02\/08\/a-la-lucha-por-la-frontera-espacial-en-nicaragua-y-la-ninez\/\"},\"author\":{\"name\":\"Augusto Valle\",\"@id\":\"https:\/\/ricovictor.com\/#\/schema\/person\/b4e5f2181e96897c2186e699d0dd1c9c\"},\"headline\":\"A la lucha por la frontera espacial en Nicaragua, \u00bfY la Ni\u00f1ez?\",\"datePublished\":\"2021-02-08T14:20:30+00:00\",\"dateModified\":\"2021-02-08T14:23:10+00:00\",\"mainEntityOfPage\":{\"@id\":\"https:\/\/ricovictor.com\/index.php\/2021\/02\/08\/a-la-lucha-por-la-frontera-espacial-en-nicaragua-y-la-ninez\/\"},\"wordCount\":748,\"commentCount\":0,\"publisher\":{\"@id\":\"https:\/\/ricovictor.com\/#organization\"},\"articleSection\":[\"Econom\u00eda\"],\"inLanguage\":\"es\",\"potentialAction\":[{\"@type\":\"CommentAction\",\"name\":\"Comment\",\"target\":[\"https:\/\/ricovictor.com\/index.php\/2021\/02\/08\/a-la-lucha-por-la-frontera-espacial-en-nicaragua-y-la-ninez\/#respond\"]}]},{\"@type\":\"WebPage\",\"@id\":\"https:\/\/ricovictor.com\/index.php\/2021\/02\/08\/a-la-lucha-por-la-frontera-espacial-en-nicaragua-y-la-ninez\/\",\"url\":\"https:\/\/ricovictor.com\/index.php\/2021\/02\/08\/a-la-lucha-por-la-frontera-espacial-en-nicaragua-y-la-ninez\/\",\"name\":\"A la lucha por la frontera espacial en Nicaragua, \u00bfY la Ni\u00f1ez? - V\u00edctor A. Rico \u2014 Econometr\u00eda y Finanzas Cuantitativas\",\"isPartOf\":{\"@id\":\"https:\/\/ricovictor.com\/#website\"},\"datePublished\":\"2021-02-08T14:20:30+00:00\",\"dateModified\":\"2021-02-08T14:23:10+00:00\",\"breadcrumb\":{\"@id\":\"https:\/\/ricovictor.com\/index.php\/2021\/02\/08\/a-la-lucha-por-la-frontera-espacial-en-nicaragua-y-la-ninez\/#breadcrumb\"},\"inLanguage\":\"es\",\"potentialAction\":[{\"@type\":\"ReadAction\",\"target\":[\"https:\/\/ricovictor.com\/index.php\/2021\/02\/08\/a-la-lucha-por-la-frontera-espacial-en-nicaragua-y-la-ninez\/\"]}]},{\"@type\":\"BreadcrumbList\",\"@id\":\"https:\/\/ricovictor.com\/index.php\/2021\/02\/08\/a-la-lucha-por-la-frontera-espacial-en-nicaragua-y-la-ninez\/#breadcrumb\",\"itemListElement\":[{\"@type\":\"ListItem\",\"position\":1,\"name\":\"Portada\",\"item\":\"https:\/\/ricovictor.com\/\"},{\"@type\":\"ListItem\",\"position\":2,\"name\":\"A la lucha por la frontera espacial en Nicaragua, \u00bfY la Ni\u00f1ez?\"}]},{\"@type\":\"WebSite\",\"@id\":\"https:\/\/ricovictor.com\/#website\",\"url\":\"https:\/\/ricovictor.com\/\",\"name\":\"V\u00edctor A. Rico \u2014 Econometr\u00eda y Finanzas Cuantitativas\",\"description\":\"\",\"publisher\":{\"@id\":\"https:\/\/ricovictor.com\/#organization\"},\"potentialAction\":[{\"@type\":\"SearchAction\",\"target\":{\"@type\":\"EntryPoint\",\"urlTemplate\":\"https:\/\/ricovictor.com\/?s={search_term_string}\"},\"query-input\":\"required name=search_term_string\"}],\"inLanguage\":\"es\"},{\"@type\":\"Organization\",\"@id\":\"https:\/\/ricovictor.com\/#organization\",\"name\":\"V\u00edctor A. Rico \u2014 Econometr\u00eda y Finanzas Cuantitativas\",\"url\":\"https:\/\/ricovictor.com\/\",\"logo\":{\"@type\":\"ImageObject\",\"inLanguage\":\"es\",\"@id\":\"https:\/\/ricovictor.com\/#\/schema\/logo\/image\/\",\"url\":\"https:\/\/ricovictor.com\/wp-content\/uploads\/2026\/02\/cropped-ChatGPT-Image-4-feb-2026-12_41_28.png\",\"contentUrl\":\"https:\/\/ricovictor.com\/wp-content\/uploads\/2026\/02\/cropped-ChatGPT-Image-4-feb-2026-12_41_28.png\",\"width\":1402,\"height\":474,\"caption\":\"V\u00edctor A. Rico \u2014 Econometr\u00eda y Finanzas Cuantitativas\"},\"image\":{\"@id\":\"https:\/\/ricovictor.com\/#\/schema\/logo\/image\/\"}},{\"@type\":\"Person\",\"@id\":\"https:\/\/ricovictor.com\/#\/schema\/person\/b4e5f2181e96897c2186e699d0dd1c9c\",\"name\":\"Augusto Valle\",\"image\":{\"@type\":\"ImageObject\",\"inLanguage\":\"es\",\"@id\":\"https:\/\/ricovictor.com\/#\/schema\/person\/image\/\",\"url\":\"https:\/\/secure.gravatar.com\/avatar\/e794a05b5e74eaead4c2021cc2fd0ed7?s=96&d=mm&r=g\",\"contentUrl\":\"https:\/\/secure.gravatar.com\/avatar\/e794a05b5e74eaead4c2021cc2fd0ed7?s=96&d=mm&r=g\",\"caption\":\"Augusto Valle\"},\"description\":\"Economista con posgrado en Gerencia financiera | Docente de An\u00e1lisis socioecon\u00f3mico | Consultor Senior en Proyectos educativos y sociales | Certificado como Defensor de los Derechos Humanos en Protecci\u00f3n a la Infancia\",\"url\":\"https:\/\/ricovictor.com\/index.php\/author\/abel-valle\/\"}]}<\/script>\n<!-- \/ Yoast SEO plugin. -->","yoast_head_json":{"title":"A la lucha por la frontera espacial en Nicaragua, \u00bfY la Ni\u00f1ez? - V\u00edctor A. Rico \u2014 Econometr\u00eda y Finanzas Cuantitativas","robots":{"index":"index","follow":"follow","max-snippet":"max-snippet:-1","max-image-preview":"max-image-preview:large","max-video-preview":"max-video-preview:-1"},"canonical":"https:\/\/ricovictor.com\/index.php\/2021\/02\/08\/a-la-lucha-por-la-frontera-espacial-en-nicaragua-y-la-ninez\/","og_locale":"es_ES","og_type":"article","og_title":"A la lucha por la frontera espacial en Nicaragua, \u00bfY la Ni\u00f1ez? - V\u00edctor A. Rico \u2014 Econometr\u00eda y Finanzas Cuantitativas","og_description":"Cada a\u00f1o, antes de la aprobaci\u00f3n del Presupuesto General de la Rep\u00fablica de Nicaragua, la Comisi\u00f3n de Producci\u00f3n, Econom\u00eda y Presupuesto hace un an\u00e1lisis detallado sobre las proyecciones relacionadas con los ingresos fiscales para el a\u00f1o, detallando as\u00ed los posibles escenarios sobre los cuales se trabajar\u00e1 para el a\u00f1o siguiente.\u00a0 Como es costumbre las \u00e1reas &hellip; A la lucha por la frontera espacial en Nicaragua, \u00bfY la Ni\u00f1ez? Leer m\u00e1s &raquo;","og_url":"https:\/\/ricovictor.com\/index.php\/2021\/02\/08\/a-la-lucha-por-la-frontera-espacial-en-nicaragua-y-la-ninez\/","og_site_name":"V\u00edctor A. Rico \u2014 Econometr\u00eda y Finanzas Cuantitativas","article_published_time":"2021-02-08T14:20:30+00:00","article_modified_time":"2021-02-08T14:23:10+00:00","og_image":[{"width":640,"height":423,"url":"https:\/\/ricovictor.com\/wp-content\/uploads\/2021\/02\/satellite-67718_640.jpg","type":"image\/jpeg"}],"author":"Augusto Valle","twitter_card":"summary_large_image","twitter_misc":{"Escrito por":"Augusto Valle","Tiempo de lectura":"4 minutos"},"schema":{"@context":"https:\/\/schema.org","@graph":[{"@type":"Article","@id":"https:\/\/ricovictor.com\/index.php\/2021\/02\/08\/a-la-lucha-por-la-frontera-espacial-en-nicaragua-y-la-ninez\/#article","isPartOf":{"@id":"https:\/\/ricovictor.com\/index.php\/2021\/02\/08\/a-la-lucha-por-la-frontera-espacial-en-nicaragua-y-la-ninez\/"},"author":{"name":"Augusto Valle","@id":"https:\/\/ricovictor.com\/#\/schema\/person\/b4e5f2181e96897c2186e699d0dd1c9c"},"headline":"A la lucha por la frontera espacial en Nicaragua, \u00bfY la Ni\u00f1ez?","datePublished":"2021-02-08T14:20:30+00:00","dateModified":"2021-02-08T14:23:10+00:00","mainEntityOfPage":{"@id":"https:\/\/ricovictor.com\/index.php\/2021\/02\/08\/a-la-lucha-por-la-frontera-espacial-en-nicaragua-y-la-ninez\/"},"wordCount":748,"commentCount":0,"publisher":{"@id":"https:\/\/ricovictor.com\/#organization"},"articleSection":["Econom\u00eda"],"inLanguage":"es","potentialAction":[{"@type":"CommentAction","name":"Comment","target":["https:\/\/ricovictor.com\/index.php\/2021\/02\/08\/a-la-lucha-por-la-frontera-espacial-en-nicaragua-y-la-ninez\/#respond"]}]},{"@type":"WebPage","@id":"https:\/\/ricovictor.com\/index.php\/2021\/02\/08\/a-la-lucha-por-la-frontera-espacial-en-nicaragua-y-la-ninez\/","url":"https:\/\/ricovictor.com\/index.php\/2021\/02\/08\/a-la-lucha-por-la-frontera-espacial-en-nicaragua-y-la-ninez\/","name":"A la lucha por la frontera espacial en Nicaragua, \u00bfY la Ni\u00f1ez? - V\u00edctor A. Rico \u2014 Econometr\u00eda y Finanzas Cuantitativas","isPartOf":{"@id":"https:\/\/ricovictor.com\/#website"},"datePublished":"2021-02-08T14:20:30+00:00","dateModified":"2021-02-08T14:23:10+00:00","breadcrumb":{"@id":"https:\/\/ricovictor.com\/index.php\/2021\/02\/08\/a-la-lucha-por-la-frontera-espacial-en-nicaragua-y-la-ninez\/#breadcrumb"},"inLanguage":"es","potentialAction":[{"@type":"ReadAction","target":["https:\/\/ricovictor.com\/index.php\/2021\/02\/08\/a-la-lucha-por-la-frontera-espacial-en-nicaragua-y-la-ninez\/"]}]},{"@type":"BreadcrumbList","@id":"https:\/\/ricovictor.com\/index.php\/2021\/02\/08\/a-la-lucha-por-la-frontera-espacial-en-nicaragua-y-la-ninez\/#breadcrumb","itemListElement":[{"@type":"ListItem","position":1,"name":"Portada","item":"https:\/\/ricovictor.com\/"},{"@type":"ListItem","position":2,"name":"A la lucha por la frontera espacial en Nicaragua, \u00bfY la Ni\u00f1ez?"}]},{"@type":"WebSite","@id":"https:\/\/ricovictor.com\/#website","url":"https:\/\/ricovictor.com\/","name":"V\u00edctor A. Rico \u2014 Econometr\u00eda y Finanzas Cuantitativas","description":"","publisher":{"@id":"https:\/\/ricovictor.com\/#organization"},"potentialAction":[{"@type":"SearchAction","target":{"@type":"EntryPoint","urlTemplate":"https:\/\/ricovictor.com\/?s={search_term_string}"},"query-input":"required name=search_term_string"}],"inLanguage":"es"},{"@type":"Organization","@id":"https:\/\/ricovictor.com\/#organization","name":"V\u00edctor A. Rico \u2014 Econometr\u00eda y Finanzas Cuantitativas","url":"https:\/\/ricovictor.com\/","logo":{"@type":"ImageObject","inLanguage":"es","@id":"https:\/\/ricovictor.com\/#\/schema\/logo\/image\/","url":"https:\/\/ricovictor.com\/wp-content\/uploads\/2026\/02\/cropped-ChatGPT-Image-4-feb-2026-12_41_28.png","contentUrl":"https:\/\/ricovictor.com\/wp-content\/uploads\/2026\/02\/cropped-ChatGPT-Image-4-feb-2026-12_41_28.png","width":1402,"height":474,"caption":"V\u00edctor A. Rico \u2014 Econometr\u00eda y Finanzas Cuantitativas"},"image":{"@id":"https:\/\/ricovictor.com\/#\/schema\/logo\/image\/"}},{"@type":"Person","@id":"https:\/\/ricovictor.com\/#\/schema\/person\/b4e5f2181e96897c2186e699d0dd1c9c","name":"Augusto Valle","image":{"@type":"ImageObject","inLanguage":"es","@id":"https:\/\/ricovictor.com\/#\/schema\/person\/image\/","url":"https:\/\/secure.gravatar.com\/avatar\/e794a05b5e74eaead4c2021cc2fd0ed7?s=96&d=mm&r=g","contentUrl":"https:\/\/secure.gravatar.com\/avatar\/e794a05b5e74eaead4c2021cc2fd0ed7?s=96&d=mm&r=g","caption":"Augusto Valle"},"description":"Economista con posgrado en Gerencia financiera | Docente de An\u00e1lisis socioecon\u00f3mico | Consultor Senior en Proyectos educativos y sociales | Certificado como Defensor de los Derechos Humanos en Protecci\u00f3n a la Infancia","url":"https:\/\/ricovictor.com\/index.php\/author\/abel-valle\/"}]}},"post_mailing_queue_ids":[],"_links":{"self":[{"href":"https:\/\/ricovictor.com\/index.php\/wp-json\/wp\/v2\/posts\/2055"}],"collection":[{"href":"https:\/\/ricovictor.com\/index.php\/wp-json\/wp\/v2\/posts"}],"about":[{"href":"https:\/\/ricovictor.com\/index.php\/wp-json\/wp\/v2\/types\/post"}],"author":[{"embeddable":true,"href":"https:\/\/ricovictor.com\/index.php\/wp-json\/wp\/v2\/users\/9"}],"replies":[{"embeddable":true,"href":"https:\/\/ricovictor.com\/index.php\/wp-json\/wp\/v2\/comments?post=2055"}],"version-history":[{"count":4,"href":"https:\/\/ricovictor.com\/index.php\/wp-json\/wp\/v2\/posts\/2055\/revisions"}],"predecessor-version":[{"id":2059,"href":"https:\/\/ricovictor.com\/index.php\/wp-json\/wp\/v2\/posts\/2055\/revisions\/2059"}],"wp:featuredmedia":[{"embeddable":true,"href":"https:\/\/ricovictor.com\/index.php\/wp-json\/wp\/v2\/media\/2042"}],"wp:attachment":[{"href":"https:\/\/ricovictor.com\/index.php\/wp-json\/wp\/v2\/media?parent=2055"}],"wp:term":[{"taxonomy":"category","embeddable":true,"href":"https:\/\/ricovictor.com\/index.php\/wp-json\/wp\/v2\/categories?post=2055"},{"taxonomy":"post_tag","embeddable":true,"href":"https:\/\/ricovictor.com\/index.php\/wp-json\/wp\/v2\/tags?post=2055"}],"curies":[{"name":"wp","href":"https:\/\/api.w.org\/{rel}","templated":true}]}}