{"id":2519,"date":"2021-05-11T17:13:45","date_gmt":"2021-05-11T17:13:45","guid":{"rendered":"https:\/\/ricovictor.com\/?p=2519"},"modified":"2021-05-11T17:22:38","modified_gmt":"2021-05-11T17:22:38","slug":"brecha-digital-no-superada-que-esperamos-de-los-estudiantes","status":"publish","type":"post","link":"https:\/\/ricovictor.com\/index.php\/2021\/05\/11\/brecha-digital-no-superada-que-esperamos-de-los-estudiantes\/","title":{"rendered":"Brecha digital No superada: \u00bfQu\u00e9 esperamos de los estudiantes?"},"content":{"rendered":"\t\t<div data-elementor-type=\"wp-post\" data-elementor-id=\"2519\" class=\"elementor elementor-2519\">\n\t\t\t\t\t\t\t\t\t<section class=\"elementor-section elementor-top-section elementor-element elementor-element-4c2e8ab5 elementor-section-boxed elementor-section-height-default elementor-section-height-default\" data-id=\"4c2e8ab5\" data-element_type=\"section\">\n\t\t\t\t\t\t<div class=\"elementor-container elementor-column-gap-default\">\n\t\t\t\t\t<div class=\"elementor-column elementor-col-100 elementor-top-column elementor-element elementor-element-3eb6544a\" data-id=\"3eb6544a\" data-element_type=\"column\">\n\t\t\t<div class=\"elementor-widget-wrap elementor-element-populated\">\n\t\t\t\t\t\t\t\t<div class=\"elementor-element elementor-element-1472f529 elementor-widget elementor-widget-text-editor\" data-id=\"1472f529\" data-element_type=\"widget\" data-widget_type=\"text-editor.default\">\n\t\t\t\t<div class=\"elementor-widget-container\">\n\t\t\t\t\t\t\t<!-- wp:themeisle-blocks\/advanced-columns {\"id\":\"wp-block-themeisle-blocks-advanced-columns-34de73cd\"} -->\n<div class=\"wp-block-themeisle-blocks-advanced-columns has-undefined-columns has-desktop-undefined-layout has-tablet-equal-layout has-mobile-equal-layout has-default-gap has-vertical-unset\" id=\"wp-block-themeisle-blocks-advanced-columns-34de73cd\"><div class=\"wp-block-themeisle-blocks-advanced-columns-overlay\"><\/div><div class=\"innerblocks-wrap\"><\/div><\/div>\n<!-- \/wp:themeisle-blocks\/advanced-columns -->\t\t\t\t\t\t<\/div>\n\t\t\t\t<\/div>\n\t\t\t\t\t<\/div>\n\t\t<\/div>\n\t\t\t\t\t\t\t<\/div>\n\t\t<\/section>\n\t\t\t\t<section class=\"elementor-section elementor-top-section elementor-element elementor-element-177b0970 elementor-section-boxed elementor-section-height-default elementor-section-height-default\" data-id=\"177b0970\" data-element_type=\"section\">\n\t\t\t\t\t\t<div class=\"elementor-container elementor-column-gap-default\">\n\t\t\t\t\t<div class=\"elementor-column elementor-col-100 elementor-top-column elementor-element elementor-element-6bc58444\" data-id=\"6bc58444\" data-element_type=\"column\">\n\t\t\t<div class=\"elementor-widget-wrap elementor-element-populated\">\n\t\t\t\t\t\t\t\t<div class=\"elementor-element elementor-element-55660a29 elementor-widget elementor-widget-text-editor\" data-id=\"55660a29\" data-element_type=\"widget\" data-widget_type=\"text-editor.default\">\n\t\t\t\t<div class=\"elementor-widget-container\">\n\t\t\t\t\t\t\t<p><strong>Cuando hablamos de tecnolog\u00eda inmediatamente se nos viene a la mente la imagen de un tel\u00e9fono celular de ultima gama o una laptop de la mejor marca y posiblemente con procesador i7, pero lo que menos pensamos es en la capacidad que tenemos como usuarios del internet, para discernir de cualquier tipo de informaci\u00f3n que es colocada en la web y utilizarla para nuestro ensayo de final de curso.<\/strong> Cuando surgieron los primeros aparatos tecnol\u00f3gicos y fueron colocados al mercado, se abri\u00f3 una brecha digital la cual fue denominada de primer nivel, esta se refiere a la diferencia que existe entre aquellas personas que cuentan con un medio digital con acceso a internet de aquellas que no lo tienen, no es dif\u00edcil adivinar que aquellos pa\u00edses en v\u00edas de desarrollo aun no superaban esta brecha para el a\u00f1o 2020<\/p>\t\t\t\t\t\t<\/div>\n\t\t\t\t<\/div>\n\t\t\t\t\t<\/div>\n\t\t<\/div>\n\t\t\t\t\t\t\t<\/div>\n\t\t<\/section>\n\t\t\t\t<section class=\"elementor-section elementor-top-section elementor-element elementor-element-4757e948 elementor-section-boxed elementor-section-height-default elementor-section-height-default\" data-id=\"4757e948\" data-element_type=\"section\">\n\t\t\t\t\t\t<div class=\"elementor-container elementor-column-gap-default\">\n\t\t\t\t\t<div class=\"elementor-column elementor-col-100 elementor-top-column elementor-element elementor-element-393befc6\" data-id=\"393befc6\" data-element_type=\"column\">\n\t\t\t<div class=\"elementor-widget-wrap elementor-element-populated\">\n\t\t\t\t\t\t\t\t<div class=\"elementor-element elementor-element-7d8f96d elementor-widget elementor-widget-image\" data-id=\"7d8f96d\" data-element_type=\"widget\" data-widget_type=\"image.default\">\n\t\t\t\t<div class=\"elementor-widget-container\">\n\t\t\t\t\t\t\t\t\t\t\t\t\t\t\t<img loading=\"lazy\" decoding=\"async\" width=\"640\" height=\"427\" src=\"https:\/\/ricovictor.com\/wp-content\/uploads\/2021\/05\/students-1807505_640.jpg\" class=\"attachment-medium_large size-medium_large wp-image-2520\" alt=\"\" srcset=\"https:\/\/ricovictor.com\/wp-content\/uploads\/2021\/05\/students-1807505_640.jpg 640w, https:\/\/ricovictor.com\/wp-content\/uploads\/2021\/05\/students-1807505_640-300x200.jpg 300w\" sizes=\"(max-width: 640px) 100vw, 640px\" \/>\t\t\t\t\t\t\t\t\t\t\t\t\t\t\t<\/div>\n\t\t\t\t<\/div>\n\t\t\t\t<div class=\"elementor-element elementor-element-53ffd7b1 elementor-widget elementor-widget-spacer\" data-id=\"53ffd7b1\" data-element_type=\"widget\" data-widget_type=\"spacer.default\">\n\t\t\t\t<div class=\"elementor-widget-container\">\n\t\t\t\t\t<div class=\"elementor-spacer\">\n\t\t\t<div class=\"elementor-spacer-inner\"><\/div>\n\t\t<\/div>\n\t\t\t\t<\/div>\n\t\t\t\t<\/div>\n\t\t\t\t\t<\/div>\n\t\t<\/div>\n\t\t\t\t\t\t\t<\/div>\n\t\t<\/section>\n\t\t\t\t<section class=\"elementor-section elementor-top-section elementor-element elementor-element-5b641d46 elementor-section-boxed elementor-section-height-default elementor-section-height-default\" data-id=\"5b641d46\" data-element_type=\"section\">\n\t\t\t\t\t\t<div class=\"elementor-container elementor-column-gap-default\">\n\t\t\t\t\t<div class=\"elementor-column elementor-col-100 elementor-top-column elementor-element elementor-element-6e8d92d6\" data-id=\"6e8d92d6\" data-element_type=\"column\">\n\t\t\t<div class=\"elementor-widget-wrap elementor-element-populated\">\n\t\t\t\t\t\t\t\t<div class=\"elementor-element elementor-element-5535e3f5 elementor-drop-cap-yes elementor-drop-cap-view-default elementor-widget elementor-widget-text-editor\" data-id=\"5535e3f5\" data-element_type=\"widget\" data-settings=\"{&quot;drop_cap&quot;:&quot;yes&quot;}\" data-widget_type=\"text-editor.default\">\n\t\t\t\t<div class=\"elementor-widget-container\">\n\t\t\t\t\t\t\t<p><strong>Si hacemos una comparaci\u00f3n, el salario b\u00e1sico de un docente de educaci\u00f3n primaria est\u00e1 por encima de los C$8,500 \u00a0y de C$9,000 para un docente de educaci\u00f3n secundaria, considerados muy por debajo del precio de una computadora port\u00e1til de gama media (i3) que oscila por encima de los C$13,000, lo cual significa que esta persona no tiene el poder adquisitivo para acceder a un medio digital y con el acceder a internet, <\/strong>y como exigencia de la virtualidad en pleno siglo XXI, es una herramienta necesaria para la realizaci\u00f3n de sus clases, que no solamente es hacer el plan de clases sino darle seguimiento a las tareas, la realizaci\u00f3n de foros y usar otras herramientas para dar salida a las clases.<\/p>\t\t\t\t\t\t<\/div>\n\t\t\t\t<\/div>\n\t\t\t\t\t<\/div>\n\t\t<\/div>\n\t\t\t\t\t\t\t<\/div>\n\t\t<\/section>\n\t\t\t\t<section class=\"elementor-section elementor-top-section elementor-element elementor-element-f009c5f elementor-section-boxed elementor-section-height-default elementor-section-height-default\" data-id=\"f009c5f\" data-element_type=\"section\">\n\t\t\t\t\t\t<div class=\"elementor-container elementor-column-gap-default\">\n\t\t\t\t\t<div class=\"elementor-column elementor-col-100 elementor-top-column elementor-element elementor-element-65dbef59\" data-id=\"65dbef59\" data-element_type=\"column\">\n\t\t\t<div class=\"elementor-widget-wrap elementor-element-populated\">\n\t\t\t\t\t\t\t\t<div class=\"elementor-element elementor-element-56a51111 elementor-drop-cap-yes elementor-drop-cap-view-default elementor-widget elementor-widget-text-editor\" data-id=\"56a51111\" data-element_type=\"widget\" data-settings=\"{&quot;drop_cap&quot;:&quot;yes&quot;}\" data-widget_type=\"text-editor.default\">\n\t\t\t\t<div class=\"elementor-widget-container\">\n\t\t\t\t\t\t\t<p>\u00a0<\/p><p>De acuerdo con el Informe Global de Internet 2015 (Global Internet Report, GIR 2015), en el mundo (hasta este a\u00f1o), hay m\u00e1s de 3,000 millones de personas conectadas a internet a trav\u00e9s de dispositivos m\u00f3viles. M\u00e1s de 190 pa\u00edses en todo el mundo tienen acceso a trav\u00e9s de redes 3G activas, que cubren el 50% de la poblaci\u00f3n mundial. Este reporte, hac\u00eda la sugerencia de que para el a\u00f1o 2019, creciera hasta los 71% en cuanto a la penetraci\u00f3n de internet m\u00f3vil y se triplicara el uso de dispositivos m\u00f3viles.<\/p><p>Seg\u00fan el mismo estudio,<strong> una de las principales limitantes para cerrar esta brecha es la relacionada a los costos de los servicios, ya que, seg\u00fan el mismo estudio, en al menos 30 de 129 pa\u00edses con acceso a internet, un contrato de banda ancha m\u00f3vil cuesta menos del 1% del PIB Per c\u00e1pita,<\/strong> contra unos 81 pa\u00edses en los que el costo de este servicio est\u00e1 por debajo del 5% (se toma en cuenta este \u00edndice, ya que es la meta de la ONU en cuanto a acceso a internet). Adem\u00e1s, se\u00f1ala que existen pa\u00edses en donde el costo supera el 10% del PIB per c\u00e1pita lo que lo hace inalcanzable para su poblaci\u00f3n, y hay 2 pa\u00edses en los que este servicio supera el 100 del PIB per c\u00e1pita (Life Media Sustanaible, 2021).<\/p>\t\t\t\t\t\t<\/div>\n\t\t\t\t<\/div>\n\t\t\t\t\t<\/div>\n\t\t<\/div>\n\t\t\t\t\t\t\t<\/div>\n\t\t<\/section>\n\t\t\t\t<section class=\"elementor-section elementor-top-section elementor-element elementor-element-1206b2e6 elementor-section-boxed elementor-section-height-default elementor-section-height-default\" data-id=\"1206b2e6\" data-element_type=\"section\">\n\t\t\t\t\t\t<div class=\"elementor-container elementor-column-gap-default\">\n\t\t\t\t\t<div class=\"elementor-column elementor-col-100 elementor-top-column elementor-element elementor-element-69170387\" data-id=\"69170387\" data-element_type=\"column\">\n\t\t\t<div class=\"elementor-widget-wrap elementor-element-populated\">\n\t\t\t\t\t\t\t\t<div class=\"elementor-element elementor-element-1be45627 elementor-widget elementor-widget-image\" data-id=\"1be45627\" data-element_type=\"widget\" data-widget_type=\"image.default\">\n\t\t\t\t<div class=\"elementor-widget-container\">\n\t\t\t\t\t\t\t\t\t\t\t\t\t\t\t<img decoding=\"async\" src=\"https:\/\/ricovictor.com\/wp-content\/uploads\/2020\/12\/pexels-photo-3861458-1.jpeg\" title=\"\" alt=\"\" loading=\"lazy\" \/>\t\t\t\t\t\t\t\t\t\t\t\t\t\t\t<\/div>\n\t\t\t\t<\/div>\n\t\t\t\t\t<\/div>\n\t\t<\/div>\n\t\t\t\t\t\t\t<\/div>\n\t\t<\/section>\n\t\t\t\t<section class=\"elementor-section elementor-top-section elementor-element elementor-element-1e973e90 elementor-section-boxed elementor-section-height-default elementor-section-height-default\" data-id=\"1e973e90\" data-element_type=\"section\">\n\t\t\t\t\t\t<div class=\"elementor-container elementor-column-gap-default\">\n\t\t\t\t\t<div class=\"elementor-column elementor-col-100 elementor-top-column elementor-element elementor-element-583493fd\" data-id=\"583493fd\" data-element_type=\"column\">\n\t\t\t<div class=\"elementor-widget-wrap elementor-element-populated\">\n\t\t\t\t\t\t\t\t<div class=\"elementor-element elementor-element-85982d7 elementor-drop-cap-yes elementor-drop-cap-view-default elementor-widget elementor-widget-text-editor\" data-id=\"85982d7\" data-element_type=\"widget\" data-settings=\"{&quot;drop_cap&quot;:&quot;yes&quot;}\" data-widget_type=\"text-editor.default\">\n\t\t\t\t<div class=\"elementor-widget-container\">\n\t\t\t\t\t\t\t<p><strong>Cuando muchos pa\u00edses del mundo, especialmente en los pa\u00edses desarrollados se esta pensando en estrategias que den respuesta a la formaci\u00f3n de capacidades de los y las estudiantes en cuanto al uso del internet, en Nicaragua y la mayor\u00eda de los pa\u00edses de la regi\u00f3n centroamericana la brecha de primer nivel ni siquiera est\u00e1 superada. A\u00fan existen en el aula de clases estudiantes con serios problemas para acceder a las aulas virtuales<\/strong> y poder realizar la tarea, contar con un ancho de banda que les permita mantenerse conectados mientras se imparte la conferencia y quienes utilizan su tel\u00e9fono celular para la realizaci\u00f3n de ensayos, teniendo como resultado un p\u00e9simo trabajo y la obligaci\u00f3n del docente por calificar el escrito.<\/p><p>Si analizamos el reporte GRI 2015, nuestro pa\u00eds se encuentra en el segundo grupo mas importante del estudio, en donde el costo de internet est\u00e1 por debajo del 5% del PIB per c\u00e1pita, pero con un problema mucho mayor, relacionado con las zonas de residencia de los usuarios. Para el a\u00f1o 2019, en su Informe de Pobreza del organismo FIDEG en Nicaragua, de los 6,453,123 personas, aproximadamente 4 de cada 10 habitantes viven en la zona rural (43.1%).Recientemente se realiz\u00f3 una investigaci\u00f3n relacionada con la brecha digital de segundo nivel en el Recinto Universitario Regional de UPOLI Boaco, encontrando que el 77% de los encuestados pertenec\u00edan a la zona urbana y tan solo el 23% restante pertenecen a la zona rural, sin embargo, el medio digital con el que acceden a internet es su tel\u00e9fono celular con un 59% de los encuestados.<\/p>\t\t\t\t\t\t<\/div>\n\t\t\t\t<\/div>\n\t\t\t\t\t<\/div>\n\t\t<\/div>\n\t\t\t\t\t\t\t<\/div>\n\t\t<\/section>\n\t\t\t\t<section class=\"elementor-section elementor-top-section elementor-element elementor-element-25aa7a1 elementor-section-boxed elementor-section-height-default elementor-section-height-default\" data-id=\"25aa7a1\" data-element_type=\"section\">\n\t\t\t\t\t\t<div class=\"elementor-container elementor-column-gap-default\">\n\t\t\t\t\t<div class=\"elementor-column elementor-col-100 elementor-top-column elementor-element elementor-element-d2a51a9\" data-id=\"d2a51a9\" data-element_type=\"column\">\n\t\t\t<div class=\"elementor-widget-wrap elementor-element-populated\">\n\t\t\t\t\t\t\t\t<div class=\"elementor-element elementor-element-df46885 elementor-widget elementor-widget-image\" data-id=\"df46885\" data-element_type=\"widget\" data-widget_type=\"image.default\">\n\t\t\t\t<div class=\"elementor-widget-container\">\n\t\t\t\t\t\t\t\t\t\t\t\t\t\t\t<img loading=\"lazy\" decoding=\"async\" width=\"300\" height=\"188\" src=\"https:\/\/ricovictor.com\/wp-content\/uploads\/2021\/05\/woman-246237_640-300x188.jpg\" class=\"attachment-medium size-medium wp-image-2521\" alt=\"\" srcset=\"https:\/\/ricovictor.com\/wp-content\/uploads\/2021\/05\/woman-246237_640-300x188.jpg 300w, https:\/\/ricovictor.com\/wp-content\/uploads\/2021\/05\/woman-246237_640.jpg 640w\" sizes=\"(max-width: 300px) 100vw, 300px\" \/>\t\t\t\t\t\t\t\t\t\t\t\t\t\t\t<\/div>\n\t\t\t\t<\/div>\n\t\t\t\t\t<\/div>\n\t\t<\/div>\n\t\t\t\t\t\t\t<\/div>\n\t\t<\/section>\n\t\t\t\t<section class=\"elementor-section elementor-top-section elementor-element elementor-element-1fc7c84 elementor-section-boxed elementor-section-height-default elementor-section-height-default\" data-id=\"1fc7c84\" data-element_type=\"section\">\n\t\t\t\t\t\t<div class=\"elementor-container elementor-column-gap-default\">\n\t\t\t\t\t<div class=\"elementor-column elementor-col-100 elementor-top-column elementor-element elementor-element-8b69381\" data-id=\"8b69381\" data-element_type=\"column\">\n\t\t\t<div class=\"elementor-widget-wrap elementor-element-populated\">\n\t\t\t\t\t\t\t\t<div class=\"elementor-element elementor-element-744975c elementor-drop-cap-yes elementor-drop-cap-view-default elementor-widget elementor-widget-text-editor\" data-id=\"744975c\" data-element_type=\"widget\" data-settings=\"{&quot;drop_cap&quot;:&quot;yes&quot;}\" data-widget_type=\"text-editor.default\">\n\t\t\t\t<div class=\"elementor-widget-container\">\n\t\t\t\t\t\t\t<p><strong>Este resultado pone de manifiesto que no solamente se utiliza para realizar investigaciones y dedicarse a la lectura para la realizaci\u00f3n de ensayos o algo meramente acad\u00e9mico, sino que ese uso de internet est\u00e1 \u00edntimamente ligado al consumo de redes sociales, cuidado los estudiantes est\u00e1n utilizando las p\u00e1ginas como Facebook o Twitter como buscador principal para la realizaci\u00f3n de la tarea<\/strong>, ir\u00f3nicamente nosotros utilizamos estas p\u00e1ginas para hacer la lectura de las noticias en las horas matutinas y darles seguimiento durante el d\u00eda.<\/p><p>Cuando se les hac\u00eda la pregunta del n\u00famero de p\u00e1ginas que utilizaba para realizar su b\u00fasqueda la mayor\u00eda respondi\u00f3 utilizar de 3 a 4 p\u00e1ginas y destinar m\u00e1s de 2 horas para su b\u00fasqueda, a pesar de ser un buen indicador, esto no determina los resultados efectivos de la validaci\u00f3n de la informaci\u00f3n y trae a contexto los posibles esfuerzos de los y las estudiantes para mantenerse conectados a pesar de las limitantes en cuanto a la calidad de los servicios de internet, relacion\u00e1ndolo con la lectura que hace de los autores que realizaron la publicaci\u00f3n, fechas y compartir los link de las p\u00e1ginas con el resto de la clase, por lo tanto, el n\u00famero de horas y p\u00e1ginas no es un determinante fuerte en la revisi\u00f3n de bibliograf\u00edas y validaci\u00f3n de la informaci\u00f3n, ya que pierde su tiempo en redes sociales y tratando de mantenerse conectado en el aula virtual a pesar de su conexi\u00f3n de internet.<\/p>\t\t\t\t\t\t<\/div>\n\t\t\t\t<\/div>\n\t\t\t\t\t<\/div>\n\t\t<\/div>\n\t\t\t\t\t\t\t<\/div>\n\t\t<\/section>\n\t\t\t\t\t\t\t<\/div>\n\t\t","protected":false},"excerpt":{"rendered":"<p>Cuando hablamos de tecnolog\u00eda inmediatamente se nos viene a la mente la imagen de un tel\u00e9fono celular de ultima gama o una laptop de la mejor marca y posiblemente con procesador i7, pero lo que menos pensamos es en la capacidad que tenemos como usuarios del internet, para discernir de cualquier tipo de informaci\u00f3n que &hellip;<\/p>\n<p class=\"read-more\"> <a class=\"\" href=\"https:\/\/ricovictor.com\/index.php\/2021\/05\/11\/brecha-digital-no-superada-que-esperamos-de-los-estudiantes\/\"> <span class=\"screen-reader-text\">Brecha digital No superada: \u00bfQu\u00e9 esperamos de los estudiantes?<\/span> Leer m\u00e1s &raquo;<\/a><\/p>\n","protected":false},"author":9,"featured_media":2520,"comment_status":"open","ping_status":"open","sticky":false,"template":"","format":"standard","meta":{"site-sidebar-layout":"default","site-content-layout":"","ast-site-content-layout":"","site-content-style":"default","site-sidebar-style":"default","ast-global-header-display":"","ast-banner-title-visibility":"","ast-main-header-display":"","ast-hfb-above-header-display":"","ast-hfb-below-header-display":"","ast-hfb-mobile-header-display":"","site-post-title":"","ast-breadcrumbs-content":"","ast-featured-img":"","footer-sml-layout":"","theme-transparent-header-meta":"","adv-header-id-meta":"","stick-header-meta":"","header-above-stick-meta":"","header-main-stick-meta":"","header-below-stick-meta":"","astra-migrate-meta-layouts":"","ast-page-background-enabled":"default","ast-page-background-meta":{"desktop":{"background-color":"var(--ast-global-color-4)","background-image":"","background-repeat":"repeat","background-position":"center center","background-size":"auto","background-attachment":"scroll","background-type":"","background-media":"","overlay-type":"","overlay-color":"","overlay-gradient":""},"tablet":{"background-color":"","background-image":"","background-repeat":"repeat","background-position":"center center","background-size":"auto","background-attachment":"scroll","background-type":"","background-media":"","overlay-type":"","overlay-color":"","overlay-gradient":""},"mobile":{"background-color":"","background-image":"","background-repeat":"repeat","background-position":"center center","background-size":"auto","background-attachment":"scroll","background-type":"","background-media":"","overlay-type":"","overlay-color":"","overlay-gradient":""}},"ast-content-background-meta":{"desktop":{"background-color":"var(--ast-global-color-5)","background-image":"","background-repeat":"repeat","background-position":"center center","background-size":"auto","background-attachment":"scroll","background-type":"","background-media":"","overlay-type":"","overlay-color":"","overlay-gradient":""},"tablet":{"background-color":"var(--ast-global-color-5)","background-image":"","background-repeat":"repeat","background-position":"center center","background-size":"auto","background-attachment":"scroll","background-type":"","background-media":"","overlay-type":"","overlay-color":"","overlay-gradient":""},"mobile":{"background-color":"var(--ast-global-color-5)","background-image":"","background-repeat":"repeat","background-position":"center center","background-size":"auto","background-attachment":"scroll","background-type":"","background-media":"","overlay-type":"","overlay-color":"","overlay-gradient":""}},"footnotes":""},"categories":[86],"tags":[],"yoast_head":"<!-- This site is optimized with the Yoast SEO plugin v21.6 - https:\/\/yoast.com\/wordpress\/plugins\/seo\/ -->\n<title>Brecha digital No superada: \u00bfQu\u00e9 esperamos de los estudiantes? - V\u00edctor A. Rico \u2014 Econometr\u00eda y Finanzas Cuantitativas<\/title>\n<meta name=\"robots\" content=\"index, follow, max-snippet:-1, max-image-preview:large, max-video-preview:-1\" \/>\n<link rel=\"canonical\" href=\"https:\/\/ricovictor.com\/index.php\/2021\/05\/11\/brecha-digital-no-superada-que-esperamos-de-los-estudiantes\/\" \/>\n<meta property=\"og:locale\" content=\"es_ES\" \/>\n<meta property=\"og:type\" content=\"article\" \/>\n<meta property=\"og:title\" content=\"Brecha digital No superada: \u00bfQu\u00e9 esperamos de los estudiantes? - V\u00edctor A. Rico \u2014 Econometr\u00eda y Finanzas Cuantitativas\" \/>\n<meta property=\"og:description\" content=\"Cuando hablamos de tecnolog\u00eda inmediatamente se nos viene a la mente la imagen de un tel\u00e9fono celular de ultima gama o una laptop de la mejor marca y posiblemente con procesador i7, pero lo que menos pensamos es en la capacidad que tenemos como usuarios del internet, para discernir de cualquier tipo de informaci\u00f3n que &hellip; Brecha digital No superada: \u00bfQu\u00e9 esperamos de los estudiantes? Leer m\u00e1s &raquo;\" \/>\n<meta property=\"og:url\" content=\"https:\/\/ricovictor.com\/index.php\/2021\/05\/11\/brecha-digital-no-superada-que-esperamos-de-los-estudiantes\/\" \/>\n<meta property=\"og:site_name\" content=\"V\u00edctor A. Rico \u2014 Econometr\u00eda y Finanzas Cuantitativas\" \/>\n<meta property=\"article:published_time\" content=\"2021-05-11T17:13:45+00:00\" \/>\n<meta property=\"article:modified_time\" content=\"2021-05-11T17:22:38+00:00\" \/>\n<meta property=\"og:image\" content=\"https:\/\/ricovictor.com\/wp-content\/uploads\/2021\/05\/students-1807505_640.jpg\" \/>\n\t<meta property=\"og:image:width\" content=\"640\" \/>\n\t<meta property=\"og:image:height\" content=\"427\" \/>\n\t<meta property=\"og:image:type\" content=\"image\/jpeg\" \/>\n<meta name=\"author\" content=\"Augusto Valle\" \/>\n<meta name=\"twitter:card\" content=\"summary_large_image\" \/>\n<meta name=\"twitter:label1\" content=\"Escrito por\" \/>\n\t<meta name=\"twitter:data1\" content=\"Augusto Valle\" \/>\n\t<meta name=\"twitter:label2\" content=\"Tiempo de lectura\" \/>\n\t<meta name=\"twitter:data2\" content=\"5 minutos\" \/>\n<script type=\"application\/ld+json\" class=\"yoast-schema-graph\">{\"@context\":\"https:\/\/schema.org\",\"@graph\":[{\"@type\":\"Article\",\"@id\":\"https:\/\/ricovictor.com\/index.php\/2021\/05\/11\/brecha-digital-no-superada-que-esperamos-de-los-estudiantes\/#article\",\"isPartOf\":{\"@id\":\"https:\/\/ricovictor.com\/index.php\/2021\/05\/11\/brecha-digital-no-superada-que-esperamos-de-los-estudiantes\/\"},\"author\":{\"name\":\"Augusto Valle\",\"@id\":\"https:\/\/ricovictor.com\/#\/schema\/person\/b4e5f2181e96897c2186e699d0dd1c9c\"},\"headline\":\"Brecha digital No superada: \u00bfQu\u00e9 esperamos de los estudiantes?\",\"datePublished\":\"2021-05-11T17:13:45+00:00\",\"dateModified\":\"2021-05-11T17:22:38+00:00\",\"mainEntityOfPage\":{\"@id\":\"https:\/\/ricovictor.com\/index.php\/2021\/05\/11\/brecha-digital-no-superada-que-esperamos-de-los-estudiantes\/\"},\"wordCount\":1053,\"commentCount\":1,\"publisher\":{\"@id\":\"https:\/\/ricovictor.com\/#organization\"},\"articleSection\":[\"Econom\u00eda\"],\"inLanguage\":\"es\",\"potentialAction\":[{\"@type\":\"CommentAction\",\"name\":\"Comment\",\"target\":[\"https:\/\/ricovictor.com\/index.php\/2021\/05\/11\/brecha-digital-no-superada-que-esperamos-de-los-estudiantes\/#respond\"]}]},{\"@type\":\"WebPage\",\"@id\":\"https:\/\/ricovictor.com\/index.php\/2021\/05\/11\/brecha-digital-no-superada-que-esperamos-de-los-estudiantes\/\",\"url\":\"https:\/\/ricovictor.com\/index.php\/2021\/05\/11\/brecha-digital-no-superada-que-esperamos-de-los-estudiantes\/\",\"name\":\"Brecha digital No superada: \u00bfQu\u00e9 esperamos de los estudiantes? - V\u00edctor A. Rico \u2014 Econometr\u00eda y Finanzas Cuantitativas\",\"isPartOf\":{\"@id\":\"https:\/\/ricovictor.com\/#website\"},\"datePublished\":\"2021-05-11T17:13:45+00:00\",\"dateModified\":\"2021-05-11T17:22:38+00:00\",\"breadcrumb\":{\"@id\":\"https:\/\/ricovictor.com\/index.php\/2021\/05\/11\/brecha-digital-no-superada-que-esperamos-de-los-estudiantes\/#breadcrumb\"},\"inLanguage\":\"es\",\"potentialAction\":[{\"@type\":\"ReadAction\",\"target\":[\"https:\/\/ricovictor.com\/index.php\/2021\/05\/11\/brecha-digital-no-superada-que-esperamos-de-los-estudiantes\/\"]}]},{\"@type\":\"BreadcrumbList\",\"@id\":\"https:\/\/ricovictor.com\/index.php\/2021\/05\/11\/brecha-digital-no-superada-que-esperamos-de-los-estudiantes\/#breadcrumb\",\"itemListElement\":[{\"@type\":\"ListItem\",\"position\":1,\"name\":\"Portada\",\"item\":\"https:\/\/ricovictor.com\/\"},{\"@type\":\"ListItem\",\"position\":2,\"name\":\"Brecha digital No superada: \u00bfQu\u00e9 esperamos de los estudiantes?\"}]},{\"@type\":\"WebSite\",\"@id\":\"https:\/\/ricovictor.com\/#website\",\"url\":\"https:\/\/ricovictor.com\/\",\"name\":\"V\u00edctor A. Rico \u2014 Econometr\u00eda y Finanzas Cuantitativas\",\"description\":\"\",\"publisher\":{\"@id\":\"https:\/\/ricovictor.com\/#organization\"},\"potentialAction\":[{\"@type\":\"SearchAction\",\"target\":{\"@type\":\"EntryPoint\",\"urlTemplate\":\"https:\/\/ricovictor.com\/?s={search_term_string}\"},\"query-input\":\"required name=search_term_string\"}],\"inLanguage\":\"es\"},{\"@type\":\"Organization\",\"@id\":\"https:\/\/ricovictor.com\/#organization\",\"name\":\"V\u00edctor A. Rico \u2014 Econometr\u00eda y Finanzas Cuantitativas\",\"url\":\"https:\/\/ricovictor.com\/\",\"logo\":{\"@type\":\"ImageObject\",\"inLanguage\":\"es\",\"@id\":\"https:\/\/ricovictor.com\/#\/schema\/logo\/image\/\",\"url\":\"https:\/\/ricovictor.com\/wp-content\/uploads\/2026\/02\/cropped-ChatGPT-Image-4-feb-2026-12_41_28.png\",\"contentUrl\":\"https:\/\/ricovictor.com\/wp-content\/uploads\/2026\/02\/cropped-ChatGPT-Image-4-feb-2026-12_41_28.png\",\"width\":1402,\"height\":474,\"caption\":\"V\u00edctor A. Rico \u2014 Econometr\u00eda y Finanzas Cuantitativas\"},\"image\":{\"@id\":\"https:\/\/ricovictor.com\/#\/schema\/logo\/image\/\"}},{\"@type\":\"Person\",\"@id\":\"https:\/\/ricovictor.com\/#\/schema\/person\/b4e5f2181e96897c2186e699d0dd1c9c\",\"name\":\"Augusto Valle\",\"image\":{\"@type\":\"ImageObject\",\"inLanguage\":\"es\",\"@id\":\"https:\/\/ricovictor.com\/#\/schema\/person\/image\/\",\"url\":\"https:\/\/secure.gravatar.com\/avatar\/e794a05b5e74eaead4c2021cc2fd0ed7?s=96&d=mm&r=g\",\"contentUrl\":\"https:\/\/secure.gravatar.com\/avatar\/e794a05b5e74eaead4c2021cc2fd0ed7?s=96&d=mm&r=g\",\"caption\":\"Augusto Valle\"},\"description\":\"Economista con posgrado en Gerencia financiera | Docente de An\u00e1lisis socioecon\u00f3mico | Consultor Senior en Proyectos educativos y sociales | Certificado como Defensor de los Derechos Humanos en Protecci\u00f3n a la Infancia\",\"url\":\"https:\/\/ricovictor.com\/index.php\/author\/abel-valle\/\"}]}<\/script>\n<!-- \/ Yoast SEO plugin. -->","yoast_head_json":{"title":"Brecha digital No superada: \u00bfQu\u00e9 esperamos de los estudiantes? - V\u00edctor A. Rico \u2014 Econometr\u00eda y Finanzas Cuantitativas","robots":{"index":"index","follow":"follow","max-snippet":"max-snippet:-1","max-image-preview":"max-image-preview:large","max-video-preview":"max-video-preview:-1"},"canonical":"https:\/\/ricovictor.com\/index.php\/2021\/05\/11\/brecha-digital-no-superada-que-esperamos-de-los-estudiantes\/","og_locale":"es_ES","og_type":"article","og_title":"Brecha digital No superada: \u00bfQu\u00e9 esperamos de los estudiantes? - V\u00edctor A. Rico \u2014 Econometr\u00eda y Finanzas Cuantitativas","og_description":"Cuando hablamos de tecnolog\u00eda inmediatamente se nos viene a la mente la imagen de un tel\u00e9fono celular de ultima gama o una laptop de la mejor marca y posiblemente con procesador i7, pero lo que menos pensamos es en la capacidad que tenemos como usuarios del internet, para discernir de cualquier tipo de informaci\u00f3n que &hellip; Brecha digital No superada: \u00bfQu\u00e9 esperamos de los estudiantes? Leer m\u00e1s &raquo;","og_url":"https:\/\/ricovictor.com\/index.php\/2021\/05\/11\/brecha-digital-no-superada-que-esperamos-de-los-estudiantes\/","og_site_name":"V\u00edctor A. Rico \u2014 Econometr\u00eda y Finanzas Cuantitativas","article_published_time":"2021-05-11T17:13:45+00:00","article_modified_time":"2021-05-11T17:22:38+00:00","og_image":[{"width":640,"height":427,"url":"https:\/\/ricovictor.com\/wp-content\/uploads\/2021\/05\/students-1807505_640.jpg","type":"image\/jpeg"}],"author":"Augusto Valle","twitter_card":"summary_large_image","twitter_misc":{"Escrito por":"Augusto Valle","Tiempo de lectura":"5 minutos"},"schema":{"@context":"https:\/\/schema.org","@graph":[{"@type":"Article","@id":"https:\/\/ricovictor.com\/index.php\/2021\/05\/11\/brecha-digital-no-superada-que-esperamos-de-los-estudiantes\/#article","isPartOf":{"@id":"https:\/\/ricovictor.com\/index.php\/2021\/05\/11\/brecha-digital-no-superada-que-esperamos-de-los-estudiantes\/"},"author":{"name":"Augusto Valle","@id":"https:\/\/ricovictor.com\/#\/schema\/person\/b4e5f2181e96897c2186e699d0dd1c9c"},"headline":"Brecha digital No superada: \u00bfQu\u00e9 esperamos de los estudiantes?","datePublished":"2021-05-11T17:13:45+00:00","dateModified":"2021-05-11T17:22:38+00:00","mainEntityOfPage":{"@id":"https:\/\/ricovictor.com\/index.php\/2021\/05\/11\/brecha-digital-no-superada-que-esperamos-de-los-estudiantes\/"},"wordCount":1053,"commentCount":1,"publisher":{"@id":"https:\/\/ricovictor.com\/#organization"},"articleSection":["Econom\u00eda"],"inLanguage":"es","potentialAction":[{"@type":"CommentAction","name":"Comment","target":["https:\/\/ricovictor.com\/index.php\/2021\/05\/11\/brecha-digital-no-superada-que-esperamos-de-los-estudiantes\/#respond"]}]},{"@type":"WebPage","@id":"https:\/\/ricovictor.com\/index.php\/2021\/05\/11\/brecha-digital-no-superada-que-esperamos-de-los-estudiantes\/","url":"https:\/\/ricovictor.com\/index.php\/2021\/05\/11\/brecha-digital-no-superada-que-esperamos-de-los-estudiantes\/","name":"Brecha digital No superada: \u00bfQu\u00e9 esperamos de los estudiantes? - V\u00edctor A. Rico \u2014 Econometr\u00eda y Finanzas Cuantitativas","isPartOf":{"@id":"https:\/\/ricovictor.com\/#website"},"datePublished":"2021-05-11T17:13:45+00:00","dateModified":"2021-05-11T17:22:38+00:00","breadcrumb":{"@id":"https:\/\/ricovictor.com\/index.php\/2021\/05\/11\/brecha-digital-no-superada-que-esperamos-de-los-estudiantes\/#breadcrumb"},"inLanguage":"es","potentialAction":[{"@type":"ReadAction","target":["https:\/\/ricovictor.com\/index.php\/2021\/05\/11\/brecha-digital-no-superada-que-esperamos-de-los-estudiantes\/"]}]},{"@type":"BreadcrumbList","@id":"https:\/\/ricovictor.com\/index.php\/2021\/05\/11\/brecha-digital-no-superada-que-esperamos-de-los-estudiantes\/#breadcrumb","itemListElement":[{"@type":"ListItem","position":1,"name":"Portada","item":"https:\/\/ricovictor.com\/"},{"@type":"ListItem","position":2,"name":"Brecha digital No superada: \u00bfQu\u00e9 esperamos de los estudiantes?"}]},{"@type":"WebSite","@id":"https:\/\/ricovictor.com\/#website","url":"https:\/\/ricovictor.com\/","name":"V\u00edctor A. Rico \u2014 Econometr\u00eda y Finanzas Cuantitativas","description":"","publisher":{"@id":"https:\/\/ricovictor.com\/#organization"},"potentialAction":[{"@type":"SearchAction","target":{"@type":"EntryPoint","urlTemplate":"https:\/\/ricovictor.com\/?s={search_term_string}"},"query-input":"required name=search_term_string"}],"inLanguage":"es"},{"@type":"Organization","@id":"https:\/\/ricovictor.com\/#organization","name":"V\u00edctor A. Rico \u2014 Econometr\u00eda y Finanzas Cuantitativas","url":"https:\/\/ricovictor.com\/","logo":{"@type":"ImageObject","inLanguage":"es","@id":"https:\/\/ricovictor.com\/#\/schema\/logo\/image\/","url":"https:\/\/ricovictor.com\/wp-content\/uploads\/2026\/02\/cropped-ChatGPT-Image-4-feb-2026-12_41_28.png","contentUrl":"https:\/\/ricovictor.com\/wp-content\/uploads\/2026\/02\/cropped-ChatGPT-Image-4-feb-2026-12_41_28.png","width":1402,"height":474,"caption":"V\u00edctor A. Rico \u2014 Econometr\u00eda y Finanzas Cuantitativas"},"image":{"@id":"https:\/\/ricovictor.com\/#\/schema\/logo\/image\/"}},{"@type":"Person","@id":"https:\/\/ricovictor.com\/#\/schema\/person\/b4e5f2181e96897c2186e699d0dd1c9c","name":"Augusto Valle","image":{"@type":"ImageObject","inLanguage":"es","@id":"https:\/\/ricovictor.com\/#\/schema\/person\/image\/","url":"https:\/\/secure.gravatar.com\/avatar\/e794a05b5e74eaead4c2021cc2fd0ed7?s=96&d=mm&r=g","contentUrl":"https:\/\/secure.gravatar.com\/avatar\/e794a05b5e74eaead4c2021cc2fd0ed7?s=96&d=mm&r=g","caption":"Augusto Valle"},"description":"Economista con posgrado en Gerencia financiera | Docente de An\u00e1lisis socioecon\u00f3mico | Consultor Senior en Proyectos educativos y sociales | Certificado como Defensor de los Derechos Humanos en Protecci\u00f3n a la Infancia","url":"https:\/\/ricovictor.com\/index.php\/author\/abel-valle\/"}]}},"post_mailing_queue_ids":[],"_links":{"self":[{"href":"https:\/\/ricovictor.com\/index.php\/wp-json\/wp\/v2\/posts\/2519"}],"collection":[{"href":"https:\/\/ricovictor.com\/index.php\/wp-json\/wp\/v2\/posts"}],"about":[{"href":"https:\/\/ricovictor.com\/index.php\/wp-json\/wp\/v2\/types\/post"}],"author":[{"embeddable":true,"href":"https:\/\/ricovictor.com\/index.php\/wp-json\/wp\/v2\/users\/9"}],"replies":[{"embeddable":true,"href":"https:\/\/ricovictor.com\/index.php\/wp-json\/wp\/v2\/comments?post=2519"}],"version-history":[{"count":4,"href":"https:\/\/ricovictor.com\/index.php\/wp-json\/wp\/v2\/posts\/2519\/revisions"}],"predecessor-version":[{"id":2525,"href":"https:\/\/ricovictor.com\/index.php\/wp-json\/wp\/v2\/posts\/2519\/revisions\/2525"}],"wp:featuredmedia":[{"embeddable":true,"href":"https:\/\/ricovictor.com\/index.php\/wp-json\/wp\/v2\/media\/2520"}],"wp:attachment":[{"href":"https:\/\/ricovictor.com\/index.php\/wp-json\/wp\/v2\/media?parent=2519"}],"wp:term":[{"taxonomy":"category","embeddable":true,"href":"https:\/\/ricovictor.com\/index.php\/wp-json\/wp\/v2\/categories?post=2519"},{"taxonomy":"post_tag","embeddable":true,"href":"https:\/\/ricovictor.com\/index.php\/wp-json\/wp\/v2\/tags?post=2519"}],"curies":[{"name":"wp","href":"https:\/\/api.w.org\/{rel}","templated":true}]}}