{"id":3505,"date":"2023-03-07T15:11:03","date_gmt":"2023-03-07T15:11:03","guid":{"rendered":"https:\/\/ricovictor.com\/?p=3505"},"modified":"2023-03-07T15:11:14","modified_gmt":"2023-03-07T15:11:14","slug":"como-crear-y-personalizar-graficos-de-linea-en-r-aprende-a-programar-en-r-desde-0-clase-12","status":"publish","type":"post","link":"https:\/\/ricovictor.com\/index.php\/2023\/03\/07\/como-crear-y-personalizar-graficos-de-linea-en-r-aprende-a-programar-en-r-desde-0-clase-12\/","title":{"rendered":"C\u00f3mo crear y personalizar Gr\u00e1ficos de L\u00ednea en R | Aprende a programar en R desde 0 \/ Clase 12"},"content":{"rendered":"\n<p>En este tutorial aprenderemos a Crear y personalizar Gr\u00e1ficos de L\u00ednea en R. Aparte de crear el gr\u00e1fico tambi\u00e9n le pondremos t\u00edtulos, cambiaremos color, ancho y tipo de l\u00ednea, as\u00ed como a\u00f1adir varias l\u00edneas en el mismo gr\u00e1fico.  <strong>Abajo tienes el c\u00f3digo en R de los videos( Recuerda usar tus propios datos para hacer los ejemplos)<\/strong><\/p>\n\n\n\n<p><\/p>\n\n\n\n<figure class=\"wp-block-embed is-type-video is-provider-youtube wp-block-embed-youtube wp-embed-aspect-16-9 wp-has-aspect-ratio\"><div class=\"wp-block-embed__wrapper\">\n<div class=\"ast-oembed-container \" style=\"height: 100%;\"><iframe loading=\"lazy\" title=\"C\u00f3mo crear y personalizar Gr\u00e1ficos de L\u00ednea en R | Aprende a programar en R desde 0 \/ Clase 12\" width=\"500\" height=\"281\" src=\"https:\/\/www.youtube.com\/embed\/1NSPrYo7e5E?feature=oembed\" frameborder=\"0\" allow=\"accelerometer; autoplay; clipboard-write; encrypted-media; gyroscope; picture-in-picture; web-share\" allowfullscreen><\/iframe><\/div>\n<\/div><\/figure>\n\n\n\n<pre class=\"wp-block-code\"><code>\nCODIGO EN R \n\n# Funcion plot\r\n\r\nplot(pib_espa\u00f1a_per,type=\"l\")\r\n\r\n\r\n#PERSONALIZACION DE GRAFICOS\r\n\r\n#Podemos personalizar el grafico cambiando los colores,el ancho de linea\r\n# poner t\u00edtulos o cmabiar el nombre de las variables entre otros\r\n\r\n\r\n\r\n#Poner t\u00edtulo\r\n#Cambiar nombre de los ejes\r\n#color = col\r\n#ancho de linea = lwd\r\n# Tipo de linea = lty\r\n#a\u00f1adir varios lineas en el mismo grafico\r\n\r\n\r\nplot(pib_espa\u00f1a_per,type=\"l\",main = \" PIB PER CAPITA ESPA\u00d1A\") #TITULOS\r\n\r\nplot(pib_espa\u00f1a_per,type=\"l\",xlab= \"EVOLUCI\u00d3N ANUAL\") #Eje x\r\n\r\nplot(pib_espa\u00f1a_per,type=\"l\",ylab= \"DOLARES\") #eje y\r\n\r\nplot(pib_espa\u00f1a_per,type=\"l\",main = \" PIB PER CAPITA ESPA\u00d1A\",xlab= \"EVOLUCI\u00d3N ANUAL\",ylab= \"DOLARES\")\r\n\r\n#colores\r\n?plot\r\nplot(pib_espa\u00f1a_per,type=\"l\",col = \"green\")\r\n\r\n#ancho de lineas\r\n\r\nplot(pib_espa\u00f1a_per,type=\"l\",col = \"green\",lwd=3)\r\n\r\n#6 tipos de lineas \r\n\r\nplot(pib_espa\u00f1a_per,type=\"l\",col = \"green\",lwd=2,lty=6)\r\n\r\n\r\n#\u00e0 todas juntas en\r\n\r\n\r\npar(mfrow = c(2, 3))\r\n\r\nplot(pib_espa\u00f1a_per, type = \"l\", lwd = 2, lty = 1, main = \"lty = 1\")\r\nplot(pib_espa\u00f1a_per, type = \"l\", lwd = 2, lty = 2, main = \"lty = 2\")\r\nplot(pib_espa\u00f1a_per, type = \"l\", lwd = 2, lty = 3, main = \"lty = 3\")\r\nplot(pib_espa\u00f1a_per, type = \"l\", lwd = 2, lty = 4, main = \"lty = 4\")\r\nplot(pib_espa\u00f1a_per, type = \"l\", lwd = 2, lty = 5, main = \"lty = 5\")\r\nplot(pib_espa\u00f1a_per, type = \"l\", lwd = 2, lty = 6, main = \"lty = 6\")\r\n\r\npar(mfrow = c(1, 1))\r\n\r\n\r\n\r\n\r\n# OTROS TIPOS DE GRAFICOS\r\n\r\ntype=\"l\"\r\n\r\nplot(pib_espa\u00f1a_per, type = \"s\", main = 'type = \"s\"') #escalera\r\nplot(pib_espa\u00f1a_per, type = \"b\", main = 'type = \"b\"') #segmentos\r\nplot(pib_espa\u00f1a_per, type = \"o\", main = 'type = \"o\"') # puntos\r\n\r\n\r\n# tambien se puede especificar el simbolo en b y o, ya que hay \r\n# varias formas poniendo el argumento pch\r\n\r\n\r\nplot(pib_espa\u00f1a_per, type = \"b\", pch=3) #segmentos\r\n\r\nplot(pib_espa\u00f1a_per, type = \"b\", pch=21,bg=\"green\",col=\"red\")\r\n\r\n\r\nplot(pib_espa\u00f1a_per,type=\"l\",col=\"red\", main=  \"PIB per capita ESPA\u00d1A, MEXICO y ARGENTINA\",lwd = 2,lty = 2)\r\nlines(pib_mexico_per,col=\"green\",lwd = 2,lty = 1)\r\nlines(pib_argentina_per,col=\"blue\",lwd = 2,lty = 3)\r\n<\/code><\/pre>\n","protected":false},"excerpt":{"rendered":"<p>En este tutorial aprenderemos a Crear y personalizar Gr\u00e1ficos de L\u00ednea en R. Aparte de crear el gr\u00e1fico tambi\u00e9n le pondremos t\u00edtulos, cambiaremos color, ancho y tipo de l\u00ednea, as\u00ed como a\u00f1adir varias l\u00edneas en el mismo gr\u00e1fico. Abajo tienes el c\u00f3digo en R de los videos( Recuerda usar tus propios datos para hacer los &hellip;<\/p>\n<p class=\"read-more\"> <a class=\"\" href=\"https:\/\/ricovictor.com\/index.php\/2023\/03\/07\/como-crear-y-personalizar-graficos-de-linea-en-r-aprende-a-programar-en-r-desde-0-clase-12\/\"> <span class=\"screen-reader-text\">C\u00f3mo crear y personalizar Gr\u00e1ficos de L\u00ednea en R | Aprende a programar en R desde 0 \/ Clase 12<\/span> Leer m\u00e1s &raquo;<\/a><\/p>\n","protected":false},"author":19,"featured_media":3508,"comment_status":"open","ping_status":"open","sticky":false,"template":"","format":"standard","meta":{"site-sidebar-layout":"default","site-content-layout":"","ast-site-content-layout":"","site-content-style":"default","site-sidebar-style":"default","ast-global-header-display":"","ast-banner-title-visibility":"","ast-main-header-display":"","ast-hfb-above-header-display":"","ast-hfb-below-header-display":"","ast-hfb-mobile-header-display":"","site-post-title":"","ast-breadcrumbs-content":"","ast-featured-img":"","footer-sml-layout":"","theme-transparent-header-meta":"","adv-header-id-meta":"","stick-header-meta":"","header-above-stick-meta":"","header-main-stick-meta":"","header-below-stick-meta":"","astra-migrate-meta-layouts":"","ast-page-background-enabled":"default","ast-page-background-meta":{"desktop":{"background-color":"var(--ast-global-color-4)","background-image":"","background-repeat":"repeat","background-position":"center center","background-size":"auto","background-attachment":"scroll","background-type":"","background-media":"","overlay-type":"","overlay-color":"","overlay-gradient":""},"tablet":{"background-color":"","background-image":"","background-repeat":"repeat","background-position":"center center","background-size":"auto","background-attachment":"scroll","background-type":"","background-media":"","overlay-type":"","overlay-color":"","overlay-gradient":""},"mobile":{"background-color":"","background-image":"","background-repeat":"repeat","background-position":"center center","background-size":"auto","background-attachment":"scroll","background-type":"","background-media":"","overlay-type":"","overlay-color":"","overlay-gradient":""}},"ast-content-background-meta":{"desktop":{"background-color":"var(--ast-global-color-5)","background-image":"","background-repeat":"repeat","background-position":"center center","background-size":"auto","background-attachment":"scroll","background-type":"","background-media":"","overlay-type":"","overlay-color":"","overlay-gradient":""},"tablet":{"background-color":"var(--ast-global-color-5)","background-image":"","background-repeat":"repeat","background-position":"center center","background-size":"auto","background-attachment":"scroll","background-type":"","background-media":"","overlay-type":"","overlay-color":"","overlay-gradient":""},"mobile":{"background-color":"var(--ast-global-color-5)","background-image":"","background-repeat":"repeat","background-position":"center center","background-size":"auto","background-attachment":"scroll","background-type":"","background-media":"","overlay-type":"","overlay-color":"","overlay-gradient":""}},"footnotes":""},"categories":[13],"tags":[],"yoast_head":"<!-- This site is optimized with the Yoast SEO plugin v21.6 - https:\/\/yoast.com\/wordpress\/plugins\/seo\/ -->\n<title>C\u00f3mo crear y personalizar Gr\u00e1ficos de L\u00ednea en R | Aprende a programar en R desde 0 \/ Clase 12 - V\u00edctor A. Rico \u2014 Econometr\u00eda y Finanzas Cuantitativas<\/title>\n<meta name=\"robots\" content=\"index, follow, max-snippet:-1, max-image-preview:large, max-video-preview:-1\" \/>\n<link rel=\"canonical\" href=\"https:\/\/ricovictor.com\/index.php\/2023\/03\/07\/como-crear-y-personalizar-graficos-de-linea-en-r-aprende-a-programar-en-r-desde-0-clase-12\/\" \/>\n<meta property=\"og:locale\" content=\"es_ES\" \/>\n<meta property=\"og:type\" content=\"article\" \/>\n<meta property=\"og:title\" content=\"C\u00f3mo crear y personalizar Gr\u00e1ficos de L\u00ednea en R | Aprende a programar en R desde 0 \/ Clase 12 - V\u00edctor A. Rico \u2014 Econometr\u00eda y Finanzas Cuantitativas\" \/>\n<meta property=\"og:description\" content=\"En este tutorial aprenderemos a Crear y personalizar Gr\u00e1ficos de L\u00ednea en R. Aparte de crear el gr\u00e1fico tambi\u00e9n le pondremos t\u00edtulos, cambiaremos color, ancho y tipo de l\u00ednea, as\u00ed como a\u00f1adir varias l\u00edneas en el mismo gr\u00e1fico. Abajo tienes el c\u00f3digo en R de los videos( Recuerda usar tus propios datos para hacer los &hellip; C\u00f3mo crear y personalizar Gr\u00e1ficos de L\u00ednea en R | Aprende a programar en R desde 0 \/ Clase 12 Leer m\u00e1s &raquo;\" \/>\n<meta property=\"og:url\" content=\"https:\/\/ricovictor.com\/index.php\/2023\/03\/07\/como-crear-y-personalizar-graficos-de-linea-en-r-aprende-a-programar-en-r-desde-0-clase-12\/\" \/>\n<meta property=\"og:site_name\" content=\"V\u00edctor A. Rico \u2014 Econometr\u00eda y Finanzas Cuantitativas\" \/>\n<meta property=\"article:published_time\" content=\"2023-03-07T15:11:03+00:00\" \/>\n<meta property=\"article:modified_time\" content=\"2023-03-07T15:11:14+00:00\" \/>\n<meta property=\"og:image\" content=\"https:\/\/ricovictor.com\/wp-content\/uploads\/2023\/03\/Copia-de-ANALISIS-DE-SERIES-TEMPORALES-19.png\" \/>\n\t<meta property=\"og:image:width\" content=\"640\" \/>\n\t<meta property=\"og:image:height\" content=\"640\" \/>\n\t<meta property=\"og:image:type\" content=\"image\/png\" \/>\n<meta name=\"author\" content=\"Victor A.Rico\" \/>\n<meta name=\"twitter:card\" content=\"summary_large_image\" \/>\n<meta name=\"twitter:label1\" content=\"Escrito por\" \/>\n\t<meta name=\"twitter:data1\" content=\"Victor A.Rico\" \/>\n\t<meta name=\"twitter:label2\" content=\"Tiempo de lectura\" \/>\n\t<meta name=\"twitter:data2\" content=\"2 minutos\" \/>\n<script type=\"application\/ld+json\" class=\"yoast-schema-graph\">{\"@context\":\"https:\/\/schema.org\",\"@graph\":[{\"@type\":\"Article\",\"@id\":\"https:\/\/ricovictor.com\/index.php\/2023\/03\/07\/como-crear-y-personalizar-graficos-de-linea-en-r-aprende-a-programar-en-r-desde-0-clase-12\/#article\",\"isPartOf\":{\"@id\":\"https:\/\/ricovictor.com\/index.php\/2023\/03\/07\/como-crear-y-personalizar-graficos-de-linea-en-r-aprende-a-programar-en-r-desde-0-clase-12\/\"},\"author\":{\"name\":\"Victor A.Rico\",\"@id\":\"https:\/\/ricovictor.com\/#\/schema\/person\/e563011388ed0c4e7c1cdae9fcf95bae\"},\"headline\":\"C\u00f3mo crear y personalizar Gr\u00e1ficos de L\u00ednea en R | Aprende a programar en R desde 0 \/ Clase 12\",\"datePublished\":\"2023-03-07T15:11:03+00:00\",\"dateModified\":\"2023-03-07T15:11:14+00:00\",\"mainEntityOfPage\":{\"@id\":\"https:\/\/ricovictor.com\/index.php\/2023\/03\/07\/como-crear-y-personalizar-graficos-de-linea-en-r-aprende-a-programar-en-r-desde-0-clase-12\/\"},\"wordCount\":91,\"commentCount\":0,\"publisher\":{\"@id\":\"https:\/\/ricovictor.com\/#organization\"},\"articleSection\":[\"R studio\"],\"inLanguage\":\"es\",\"potentialAction\":[{\"@type\":\"CommentAction\",\"name\":\"Comment\",\"target\":[\"https:\/\/ricovictor.com\/index.php\/2023\/03\/07\/como-crear-y-personalizar-graficos-de-linea-en-r-aprende-a-programar-en-r-desde-0-clase-12\/#respond\"]}]},{\"@type\":\"WebPage\",\"@id\":\"https:\/\/ricovictor.com\/index.php\/2023\/03\/07\/como-crear-y-personalizar-graficos-de-linea-en-r-aprende-a-programar-en-r-desde-0-clase-12\/\",\"url\":\"https:\/\/ricovictor.com\/index.php\/2023\/03\/07\/como-crear-y-personalizar-graficos-de-linea-en-r-aprende-a-programar-en-r-desde-0-clase-12\/\",\"name\":\"C\u00f3mo crear y personalizar Gr\u00e1ficos de L\u00ednea en R | Aprende a programar en R desde 0 \/ Clase 12 - V\u00edctor A. Rico \u2014 Econometr\u00eda y Finanzas Cuantitativas\",\"isPartOf\":{\"@id\":\"https:\/\/ricovictor.com\/#website\"},\"datePublished\":\"2023-03-07T15:11:03+00:00\",\"dateModified\":\"2023-03-07T15:11:14+00:00\",\"breadcrumb\":{\"@id\":\"https:\/\/ricovictor.com\/index.php\/2023\/03\/07\/como-crear-y-personalizar-graficos-de-linea-en-r-aprende-a-programar-en-r-desde-0-clase-12\/#breadcrumb\"},\"inLanguage\":\"es\",\"potentialAction\":[{\"@type\":\"ReadAction\",\"target\":[\"https:\/\/ricovictor.com\/index.php\/2023\/03\/07\/como-crear-y-personalizar-graficos-de-linea-en-r-aprende-a-programar-en-r-desde-0-clase-12\/\"]}]},{\"@type\":\"BreadcrumbList\",\"@id\":\"https:\/\/ricovictor.com\/index.php\/2023\/03\/07\/como-crear-y-personalizar-graficos-de-linea-en-r-aprende-a-programar-en-r-desde-0-clase-12\/#breadcrumb\",\"itemListElement\":[{\"@type\":\"ListItem\",\"position\":1,\"name\":\"Portada\",\"item\":\"https:\/\/ricovictor.com\/\"},{\"@type\":\"ListItem\",\"position\":2,\"name\":\"C\u00f3mo crear y personalizar Gr\u00e1ficos de L\u00ednea en R | Aprende a programar en R desde 0 \/ Clase 12\"}]},{\"@type\":\"WebSite\",\"@id\":\"https:\/\/ricovictor.com\/#website\",\"url\":\"https:\/\/ricovictor.com\/\",\"name\":\"V\u00edctor A. Rico \u2014 Econometr\u00eda y Finanzas Cuantitativas\",\"description\":\"\",\"publisher\":{\"@id\":\"https:\/\/ricovictor.com\/#organization\"},\"potentialAction\":[{\"@type\":\"SearchAction\",\"target\":{\"@type\":\"EntryPoint\",\"urlTemplate\":\"https:\/\/ricovictor.com\/?s={search_term_string}\"},\"query-input\":\"required name=search_term_string\"}],\"inLanguage\":\"es\"},{\"@type\":\"Organization\",\"@id\":\"https:\/\/ricovictor.com\/#organization\",\"name\":\"V\u00edctor A. Rico \u2014 Econometr\u00eda y Finanzas Cuantitativas\",\"url\":\"https:\/\/ricovictor.com\/\",\"logo\":{\"@type\":\"ImageObject\",\"inLanguage\":\"es\",\"@id\":\"https:\/\/ricovictor.com\/#\/schema\/logo\/image\/\",\"url\":\"https:\/\/ricovictor.com\/wp-content\/uploads\/2026\/02\/cropped-ChatGPT-Image-4-feb-2026-12_41_28.png\",\"contentUrl\":\"https:\/\/ricovictor.com\/wp-content\/uploads\/2026\/02\/cropped-ChatGPT-Image-4-feb-2026-12_41_28.png\",\"width\":1402,\"height\":474,\"caption\":\"V\u00edctor A. Rico \u2014 Econometr\u00eda y Finanzas Cuantitativas\"},\"image\":{\"@id\":\"https:\/\/ricovictor.com\/#\/schema\/logo\/image\/\"}},{\"@type\":\"Person\",\"@id\":\"https:\/\/ricovictor.com\/#\/schema\/person\/e563011388ed0c4e7c1cdae9fcf95bae\",\"name\":\"Victor A.Rico\",\"image\":{\"@type\":\"ImageObject\",\"inLanguage\":\"es\",\"@id\":\"https:\/\/ricovictor.com\/#\/schema\/person\/image\/\",\"url\":\"https:\/\/secure.gravatar.com\/avatar\/4edf55780c0c232271ecbcb12fae9460?s=96&d=mm&r=g\",\"contentUrl\":\"https:\/\/secure.gravatar.com\/avatar\/4edf55780c0c232271ecbcb12fae9460?s=96&d=mm&r=g\",\"caption\":\"Victor A.Rico\"},\"url\":\"https:\/\/ricovictor.com\/index.php\/author\/granada_26_wp\/\"}]}<\/script>\n<!-- \/ Yoast SEO plugin. -->","yoast_head_json":{"title":"C\u00f3mo crear y personalizar Gr\u00e1ficos de L\u00ednea en R | Aprende a programar en R desde 0 \/ Clase 12 - V\u00edctor A. Rico \u2014 Econometr\u00eda y Finanzas Cuantitativas","robots":{"index":"index","follow":"follow","max-snippet":"max-snippet:-1","max-image-preview":"max-image-preview:large","max-video-preview":"max-video-preview:-1"},"canonical":"https:\/\/ricovictor.com\/index.php\/2023\/03\/07\/como-crear-y-personalizar-graficos-de-linea-en-r-aprende-a-programar-en-r-desde-0-clase-12\/","og_locale":"es_ES","og_type":"article","og_title":"C\u00f3mo crear y personalizar Gr\u00e1ficos de L\u00ednea en R | Aprende a programar en R desde 0 \/ Clase 12 - V\u00edctor A. Rico \u2014 Econometr\u00eda y Finanzas Cuantitativas","og_description":"En este tutorial aprenderemos a Crear y personalizar Gr\u00e1ficos de L\u00ednea en R. Aparte de crear el gr\u00e1fico tambi\u00e9n le pondremos t\u00edtulos, cambiaremos color, ancho y tipo de l\u00ednea, as\u00ed como a\u00f1adir varias l\u00edneas en el mismo gr\u00e1fico. Abajo tienes el c\u00f3digo en R de los videos( Recuerda usar tus propios datos para hacer los &hellip; C\u00f3mo crear y personalizar Gr\u00e1ficos de L\u00ednea en R | Aprende a programar en R desde 0 \/ Clase 12 Leer m\u00e1s &raquo;","og_url":"https:\/\/ricovictor.com\/index.php\/2023\/03\/07\/como-crear-y-personalizar-graficos-de-linea-en-r-aprende-a-programar-en-r-desde-0-clase-12\/","og_site_name":"V\u00edctor A. Rico \u2014 Econometr\u00eda y Finanzas Cuantitativas","article_published_time":"2023-03-07T15:11:03+00:00","article_modified_time":"2023-03-07T15:11:14+00:00","og_image":[{"width":640,"height":640,"url":"https:\/\/ricovictor.com\/wp-content\/uploads\/2023\/03\/Copia-de-ANALISIS-DE-SERIES-TEMPORALES-19.png","type":"image\/png"}],"author":"Victor A.Rico","twitter_card":"summary_large_image","twitter_misc":{"Escrito por":"Victor A.Rico","Tiempo de lectura":"2 minutos"},"schema":{"@context":"https:\/\/schema.org","@graph":[{"@type":"Article","@id":"https:\/\/ricovictor.com\/index.php\/2023\/03\/07\/como-crear-y-personalizar-graficos-de-linea-en-r-aprende-a-programar-en-r-desde-0-clase-12\/#article","isPartOf":{"@id":"https:\/\/ricovictor.com\/index.php\/2023\/03\/07\/como-crear-y-personalizar-graficos-de-linea-en-r-aprende-a-programar-en-r-desde-0-clase-12\/"},"author":{"name":"Victor A.Rico","@id":"https:\/\/ricovictor.com\/#\/schema\/person\/e563011388ed0c4e7c1cdae9fcf95bae"},"headline":"C\u00f3mo crear y personalizar Gr\u00e1ficos de L\u00ednea en R | Aprende a programar en R desde 0 \/ Clase 12","datePublished":"2023-03-07T15:11:03+00:00","dateModified":"2023-03-07T15:11:14+00:00","mainEntityOfPage":{"@id":"https:\/\/ricovictor.com\/index.php\/2023\/03\/07\/como-crear-y-personalizar-graficos-de-linea-en-r-aprende-a-programar-en-r-desde-0-clase-12\/"},"wordCount":91,"commentCount":0,"publisher":{"@id":"https:\/\/ricovictor.com\/#organization"},"articleSection":["R studio"],"inLanguage":"es","potentialAction":[{"@type":"CommentAction","name":"Comment","target":["https:\/\/ricovictor.com\/index.php\/2023\/03\/07\/como-crear-y-personalizar-graficos-de-linea-en-r-aprende-a-programar-en-r-desde-0-clase-12\/#respond"]}]},{"@type":"WebPage","@id":"https:\/\/ricovictor.com\/index.php\/2023\/03\/07\/como-crear-y-personalizar-graficos-de-linea-en-r-aprende-a-programar-en-r-desde-0-clase-12\/","url":"https:\/\/ricovictor.com\/index.php\/2023\/03\/07\/como-crear-y-personalizar-graficos-de-linea-en-r-aprende-a-programar-en-r-desde-0-clase-12\/","name":"C\u00f3mo crear y personalizar Gr\u00e1ficos de L\u00ednea en R | Aprende a programar en R desde 0 \/ Clase 12 - V\u00edctor A. Rico \u2014 Econometr\u00eda y Finanzas Cuantitativas","isPartOf":{"@id":"https:\/\/ricovictor.com\/#website"},"datePublished":"2023-03-07T15:11:03+00:00","dateModified":"2023-03-07T15:11:14+00:00","breadcrumb":{"@id":"https:\/\/ricovictor.com\/index.php\/2023\/03\/07\/como-crear-y-personalizar-graficos-de-linea-en-r-aprende-a-programar-en-r-desde-0-clase-12\/#breadcrumb"},"inLanguage":"es","potentialAction":[{"@type":"ReadAction","target":["https:\/\/ricovictor.com\/index.php\/2023\/03\/07\/como-crear-y-personalizar-graficos-de-linea-en-r-aprende-a-programar-en-r-desde-0-clase-12\/"]}]},{"@type":"BreadcrumbList","@id":"https:\/\/ricovictor.com\/index.php\/2023\/03\/07\/como-crear-y-personalizar-graficos-de-linea-en-r-aprende-a-programar-en-r-desde-0-clase-12\/#breadcrumb","itemListElement":[{"@type":"ListItem","position":1,"name":"Portada","item":"https:\/\/ricovictor.com\/"},{"@type":"ListItem","position":2,"name":"C\u00f3mo crear y personalizar Gr\u00e1ficos de L\u00ednea en R | Aprende a programar en R desde 0 \/ Clase 12"}]},{"@type":"WebSite","@id":"https:\/\/ricovictor.com\/#website","url":"https:\/\/ricovictor.com\/","name":"V\u00edctor A. Rico \u2014 Econometr\u00eda y Finanzas Cuantitativas","description":"","publisher":{"@id":"https:\/\/ricovictor.com\/#organization"},"potentialAction":[{"@type":"SearchAction","target":{"@type":"EntryPoint","urlTemplate":"https:\/\/ricovictor.com\/?s={search_term_string}"},"query-input":"required name=search_term_string"}],"inLanguage":"es"},{"@type":"Organization","@id":"https:\/\/ricovictor.com\/#organization","name":"V\u00edctor A. Rico \u2014 Econometr\u00eda y Finanzas Cuantitativas","url":"https:\/\/ricovictor.com\/","logo":{"@type":"ImageObject","inLanguage":"es","@id":"https:\/\/ricovictor.com\/#\/schema\/logo\/image\/","url":"https:\/\/ricovictor.com\/wp-content\/uploads\/2026\/02\/cropped-ChatGPT-Image-4-feb-2026-12_41_28.png","contentUrl":"https:\/\/ricovictor.com\/wp-content\/uploads\/2026\/02\/cropped-ChatGPT-Image-4-feb-2026-12_41_28.png","width":1402,"height":474,"caption":"V\u00edctor A. Rico \u2014 Econometr\u00eda y Finanzas Cuantitativas"},"image":{"@id":"https:\/\/ricovictor.com\/#\/schema\/logo\/image\/"}},{"@type":"Person","@id":"https:\/\/ricovictor.com\/#\/schema\/person\/e563011388ed0c4e7c1cdae9fcf95bae","name":"Victor A.Rico","image":{"@type":"ImageObject","inLanguage":"es","@id":"https:\/\/ricovictor.com\/#\/schema\/person\/image\/","url":"https:\/\/secure.gravatar.com\/avatar\/4edf55780c0c232271ecbcb12fae9460?s=96&d=mm&r=g","contentUrl":"https:\/\/secure.gravatar.com\/avatar\/4edf55780c0c232271ecbcb12fae9460?s=96&d=mm&r=g","caption":"Victor A.Rico"},"url":"https:\/\/ricovictor.com\/index.php\/author\/granada_26_wp\/"}]}},"post_mailing_queue_ids":[],"_links":{"self":[{"href":"https:\/\/ricovictor.com\/index.php\/wp-json\/wp\/v2\/posts\/3505"}],"collection":[{"href":"https:\/\/ricovictor.com\/index.php\/wp-json\/wp\/v2\/posts"}],"about":[{"href":"https:\/\/ricovictor.com\/index.php\/wp-json\/wp\/v2\/types\/post"}],"author":[{"embeddable":true,"href":"https:\/\/ricovictor.com\/index.php\/wp-json\/wp\/v2\/users\/19"}],"replies":[{"embeddable":true,"href":"https:\/\/ricovictor.com\/index.php\/wp-json\/wp\/v2\/comments?post=3505"}],"version-history":[{"count":1,"href":"https:\/\/ricovictor.com\/index.php\/wp-json\/wp\/v2\/posts\/3505\/revisions"}],"predecessor-version":[{"id":3509,"href":"https:\/\/ricovictor.com\/index.php\/wp-json\/wp\/v2\/posts\/3505\/revisions\/3509"}],"wp:featuredmedia":[{"embeddable":true,"href":"https:\/\/ricovictor.com\/index.php\/wp-json\/wp\/v2\/media\/3508"}],"wp:attachment":[{"href":"https:\/\/ricovictor.com\/index.php\/wp-json\/wp\/v2\/media?parent=3505"}],"wp:term":[{"taxonomy":"category","embeddable":true,"href":"https:\/\/ricovictor.com\/index.php\/wp-json\/wp\/v2\/categories?post=3505"},{"taxonomy":"post_tag","embeddable":true,"href":"https:\/\/ricovictor.com\/index.php\/wp-json\/wp\/v2\/tags?post=3505"}],"curies":[{"name":"wp","href":"https:\/\/api.w.org\/{rel}","templated":true}]}}